
{"id":86271,"date":"2020-04-22T14:43:04","date_gmt":"2020-04-22T17:43:04","guid":{"rendered":"https:\/\/www.sudoestehoje.com.br\/novoportal\/?p=86271"},"modified":"2020-04-22T14:43:04","modified_gmt":"2020-04-22T17:43:04","slug":"itapetinga-cestas-basicas-dos-estudantes-chegam-quinta-garante-geraldo-trindade","status":"publish","type":"post","link":"https:\/\/www.sudoestehoje.com.br\/novoportal\/2020\/04\/22\/itapetinga-cestas-basicas-dos-estudantes-chegam-quinta-garante-geraldo-trindade\/","title":{"rendered":"ITAPETINGA: &#8220;CESTAS B\u00c1SICAS DOS ESTUDANTES CHEGAM QUINTA&#8221;, GARANTE GERALDO TRINDADE"},"content":{"rendered":"<p><a href=\"https:\/\/www.sudoestehoje.com.br\/novoportal\/wp-content\/uploads\/2020\/04\/cesta-basica-rep_6cc45594.jpg\"><img loading=\"lazy\" decoding=\"async\" class=\"aligncenter size-medium wp-image-86274\" src=\"https:\/\/www.sudoestehoje.com.br\/novoportal\/wp-content\/uploads\/2020\/04\/cesta-basica-rep_6cc45594-500x318.jpg\" alt=\"\" width=\"500\" height=\"318\" srcset=\"https:\/\/www.sudoestehoje.com.br\/novoportal\/wp-content\/uploads\/2020\/04\/cesta-basica-rep_6cc45594-500x318.jpg 500w, https:\/\/www.sudoestehoje.com.br\/novoportal\/wp-content\/uploads\/2020\/04\/cesta-basica-rep_6cc45594.jpg 550w\" sizes=\"auto, (max-width: 500px) 100vw, 500px\" \/><\/a><\/p>\n<p>Ap\u00f3s o an\u00fancio feito pelo prefeito Rodrigo Hagge e o secret\u00e1rio de educa\u00e7\u00e3o Geraldo Trindade sobre a entrega de cestas b\u00e1sicas aos estudantes da rede municipal, em substitui\u00e7\u00e3o \u00e0 Merenda Escolar, familiares dos alunos t\u00eam solicitado informa\u00e7\u00f5es sobre o dia da entrega, em coment\u00e1rios no blog e redes sociais.<\/p>\n<p>Em contato com o <strong><em>Sudoeste Hoje<\/em><\/strong>, nesta ter\u00e7a-feira (21), o secret\u00e1rio Geraldo Trindade informou que a prefeitura j\u00e1 adquiriu os g\u00eaneros aliment\u00edcios que ser\u00e3o distribu\u00eddos aos estudantes da rede municipal de ensino, nos pr\u00f3ximos dias.<\/p>\n<p>Segundo Geraldo, a secretaria estar\u00e1 recebendo os g\u00eaneros aliment\u00edcios nesta quinta-feira (23), e que os kits ser\u00e3o montados e encaminhados para as escolas, para entrega aos estudantes.\u00a0Na pr\u00f3xima sexta, um cronograma de entrega dever\u00e1 ser divulgado pela secretaria.<\/p>\n<p>As cestas b\u00e1sica ser\u00e3o entregues aos familiares dos estudantes, em decorr\u00eancia da paralisa\u00e7\u00e3o das aulas por conta da pandemia de Coronav\u00edrus.<\/p>\n<p><strong><em>Por Davi Ferraz<\/em><\/strong><\/p>\n","protected":false},"excerpt":{"rendered":"<p>Ap\u00f3s o an\u00fancio feito pelo prefeito Rodrigo Hagge e o secret\u00e1rio de educa\u00e7\u00e3o Geraldo Trindade sobre a entrega de cestas b\u00e1sicas aos estudantes da rede municipal, em substitui\u00e7\u00e3o \u00e0 Merenda Escolar, familiares dos alunos t\u00eam solicitado informa\u00e7\u00f5es sobre o dia da entrega, em coment\u00e1rios no blog e redes sociais. Em contato com o Sudoeste Hoje, [&hellip;]<\/p>\n","protected":false},"author":2,"featured_media":86274,"comment_status":"open","ping_status":"open","sticky":false,"template":"","format":"standard","meta":{"footnotes":"","_links_to":"","_links_to_target":""},"categories":[1],"tags":[],"class_list":["post-86271","post","type-post","status-publish","format-standard","has-post-thumbnail","hentry","category-geral"],"views":5908,"_links":{"self":[{"href":"https:\/\/www.sudoestehoje.com.br\/novoportal\/wp-json\/wp\/v2\/posts\/86271","targetHints":{"allow":["GET"]}}],"collection":[{"href":"https:\/\/www.sudoestehoje.com.br\/novoportal\/wp-json\/wp\/v2\/posts"}],"about":[{"href":"https:\/\/www.sudoestehoje.com.br\/novoportal\/wp-json\/wp\/v2\/types\/post"}],"author":[{"embeddable":true,"href":"https:\/\/www.sudoestehoje.com.br\/novoportal\/wp-json\/wp\/v2\/users\/2"}],"replies":[{"embeddable":true,"href":"https:\/\/www.sudoestehoje.com.br\/novoportal\/wp-json\/wp\/v2\/comments?post=86271"}],"version-history":[{"count":3,"href":"https:\/\/www.sudoestehoje.com.br\/novoportal\/wp-json\/wp\/v2\/posts\/86271\/revisions"}],"predecessor-version":[{"id":86275,"href":"https:\/\/www.sudoestehoje.com.br\/novoportal\/wp-json\/wp\/v2\/posts\/86271\/revisions\/86275"}],"wp:featuredmedia":[{"embeddable":true,"href":"https:\/\/www.sudoestehoje.com.br\/novoportal\/wp-json\/wp\/v2\/media\/86274"}],"wp:attachment":[{"href":"https:\/\/www.sudoestehoje.com.br\/novoportal\/wp-json\/wp\/v2\/media?parent=86271"}],"wp:term":[{"taxonomy":"category","embeddable":true,"href":"https:\/\/www.sudoestehoje.com.br\/novoportal\/wp-json\/wp\/v2\/categories?post=86271"},{"taxonomy":"post_tag","embeddable":true,"href":"https:\/\/www.sudoestehoje.com.br\/novoportal\/wp-json\/wp\/v2\/tags?post=86271"}],"curies":[{"name":"wp","href":"https:\/\/api.w.org\/{rel}","templated":true}]}}