
{"id":86266,"date":"2020-04-22T13:20:11","date_gmt":"2020-04-22T16:20:11","guid":{"rendered":"https:\/\/www.sudoestehoje.com.br\/novoportal\/?p=86266"},"modified":"2020-04-22T13:22:40","modified_gmt":"2020-04-22T16:22:40","slug":"profissional-de-saude-do-hospital-irma-dulce-morre-vitima-de-covid-19","status":"publish","type":"post","link":"https:\/\/www.sudoestehoje.com.br\/novoportal\/2020\/04\/22\/profissional-de-saude-do-hospital-irma-dulce-morre-vitima-de-covid-19\/","title":{"rendered":"PROFISSIONAL DE SA\u00daDE DO HOSPITAL IRM\u00c3 DULCE MORRE V\u00cdTIMA DE COVID-19"},"content":{"rendered":"<p><a href=\"https:\/\/www.sudoestehoje.com.br\/novoportal\/wp-content\/uploads\/2020\/04\/Cesinha_Osid.jpg\"><img loading=\"lazy\" decoding=\"async\" class=\"aligncenter size-medium wp-image-86269\" src=\"https:\/\/www.sudoestehoje.com.br\/novoportal\/wp-content\/uploads\/2020\/04\/Cesinha_Osid-500x372.jpg\" alt=\"\" width=\"500\" height=\"372\" srcset=\"https:\/\/www.sudoestehoje.com.br\/novoportal\/wp-content\/uploads\/2020\/04\/Cesinha_Osid-500x372.jpg 500w, https:\/\/www.sudoestehoje.com.br\/novoportal\/wp-content\/uploads\/2020\/04\/Cesinha_Osid-700x520.jpg 700w, https:\/\/www.sudoestehoje.com.br\/novoportal\/wp-content\/uploads\/2020\/04\/Cesinha_Osid.jpg 717w\" sizes=\"auto, (max-width: 500px) 100vw, 500px\" \/><\/a><\/p>\n<p>Um t\u00e9cnico em an\u00e1lises cl\u00ednicas morreu, nesta quarta-feira (22), v\u00edtima de Covid-19. Segundo informa\u00e7\u00f5es, Ant\u00f4nio C\u00e9sar Ferreira Pitta de Jesus, 48 anos, trabalhava no Hospital Irm\u00e3 Dulce, no Largo de Roma, no Bonfim. Ele estava internado no Hospital Couto Maia,em Cajazeiras, desde segunda-feira (20).<\/p>\n<p>Segundo informa\u00e7\u00f5es de amigos da v\u00edtima, Ant\u00f4nio morava na Olaria,\u00a0Nordeste de Amaralina, e\u00a0n\u00e3o resistiu as paradas card\u00edacas nesta madrugada.<\/p>\n<p>At\u00e9 o fim da manh\u00e3 de hoje, a Secretaria de Sa\u00fade do Estado da Bahia (Sesab) registrava 50 mortes e 1.644 casos confirmados do novo coronav\u00edrus, sendo que 198 dos infectados s\u00e3o profissionais de sa\u00fade.<\/p>\n","protected":false},"excerpt":{"rendered":"<p>Um t\u00e9cnico em an\u00e1lises cl\u00ednicas morreu, nesta quarta-feira (22), v\u00edtima de Covid-19. Segundo informa\u00e7\u00f5es, Ant\u00f4nio C\u00e9sar Ferreira Pitta de Jesus, 48 anos, trabalhava no Hospital Irm\u00e3 Dulce, no Largo de Roma, no Bonfim. Ele estava internado no Hospital Couto Maia,em Cajazeiras, desde segunda-feira (20). Segundo informa\u00e7\u00f5es de amigos da v\u00edtima, Ant\u00f4nio morava na Olaria,\u00a0Nordeste de [&hellip;]<\/p>\n","protected":false},"author":2,"featured_media":86269,"comment_status":"open","ping_status":"open","sticky":false,"template":"","format":"standard","meta":{"footnotes":"","_links_to":"","_links_to_target":""},"categories":[1],"tags":[],"class_list":["post-86266","post","type-post","status-publish","format-standard","has-post-thumbnail","hentry","category-geral"],"views":1000,"_links":{"self":[{"href":"https:\/\/www.sudoestehoje.com.br\/novoportal\/wp-json\/wp\/v2\/posts\/86266","targetHints":{"allow":["GET"]}}],"collection":[{"href":"https:\/\/www.sudoestehoje.com.br\/novoportal\/wp-json\/wp\/v2\/posts"}],"about":[{"href":"https:\/\/www.sudoestehoje.com.br\/novoportal\/wp-json\/wp\/v2\/types\/post"}],"author":[{"embeddable":true,"href":"https:\/\/www.sudoestehoje.com.br\/novoportal\/wp-json\/wp\/v2\/users\/2"}],"replies":[{"embeddable":true,"href":"https:\/\/www.sudoestehoje.com.br\/novoportal\/wp-json\/wp\/v2\/comments?post=86266"}],"version-history":[{"count":2,"href":"https:\/\/www.sudoestehoje.com.br\/novoportal\/wp-json\/wp\/v2\/posts\/86266\/revisions"}],"predecessor-version":[{"id":86270,"href":"https:\/\/www.sudoestehoje.com.br\/novoportal\/wp-json\/wp\/v2\/posts\/86266\/revisions\/86270"}],"wp:featuredmedia":[{"embeddable":true,"href":"https:\/\/www.sudoestehoje.com.br\/novoportal\/wp-json\/wp\/v2\/media\/86269"}],"wp:attachment":[{"href":"https:\/\/www.sudoestehoje.com.br\/novoportal\/wp-json\/wp\/v2\/media?parent=86266"}],"wp:term":[{"taxonomy":"category","embeddable":true,"href":"https:\/\/www.sudoestehoje.com.br\/novoportal\/wp-json\/wp\/v2\/categories?post=86266"},{"taxonomy":"post_tag","embeddable":true,"href":"https:\/\/www.sudoestehoje.com.br\/novoportal\/wp-json\/wp\/v2\/tags?post=86266"}],"curies":[{"name":"wp","href":"https:\/\/api.w.org\/{rel}","templated":true}]}}