
{"id":8625,"date":"2011-09-14T00:04:37","date_gmt":"2011-09-14T03:04:37","guid":{"rendered":"http:\/\/www.sudoestehoje.com.br\/novoportal\/?p=8625"},"modified":"2011-09-14T08:59:08","modified_gmt":"2011-09-14T11:59:08","slug":"pre-ba-vai-acompanhar-troca-troca-de-partido-e-pedir-cassacao-dos-infieis","status":"publish","type":"post","link":"https:\/\/www.sudoestehoje.com.br\/novoportal\/2011\/09\/14\/pre-ba-vai-acompanhar-troca-troca-de-partido-e-pedir-cassacao-dos-infieis\/","title":{"rendered":"PROCURADORIA ELEITORAL VAI PEDIR CASSA\u00c7\u00c3O DE \u2018INFI\u00c9IS\u2019"},"content":{"rendered":"<p style=\"text-align: center;\"><img decoding=\"async\" class=\"aligncenter\" src=\"http:\/\/www.falaserra.com.br\/wp-content\/uploads\/2011\/05\/epoca1.jpg\" alt=\"\" width=\"400\" \/><\/p>\n<p>A Procuradoria Regional Eleitoral da Bahia (PRE-BA) protocolou nesta ter\u00e7a-feira (13), no Tribunal Regional Eleitoral Estadual (TRE-BA), uma a\u00e7\u00e3o contra o prefeito de Alagoinhas, Paulo Cesar Silva (PDT), por ter se desfiliado do PSDB sem declarar uma justa causa, o que dever\u00e1 levar o alcaide a perder o mandato eletivo.<\/p>\n<p>A procuradoria remeteu aos promotores eleitorais na Bahia uma recomenda\u00e7\u00e3o orientando a import\u00e2ncia de acompanhar os pedidos de desfilia\u00e7\u00e3o partid\u00e1ria e, no caso do solicitante ter cargo obtido por meio de elei\u00e7\u00f5es, de acompanhar ind\u00edcios que possam apurar se houve justa causa.\u00a0Al\u00e9m disso, as respectivas zonas eleitorais devem comunicar imediatamente ao procurador Regional Eleitoral sobre pedidos de desfilia\u00e7\u00e3o.<\/p>\n<p>A recomenda\u00e7\u00e3o do procurador Sidney Madruga baseia-se na resolu\u00e7\u00e3o do Tribunal Superior Eleitoral (TSE) que prev\u00ea a perda do mandato eletivo do pol\u00edtico que pede desfilia\u00e7\u00e3o sem declarar motivo justo.\u00a0O procurador esclareceu, ainda, que quando o partido n\u00e3o formular o pedido, o Minist\u00e9rio P\u00fablico Eleitoral (MPE)\u00a0ou quem tenha interesse jur\u00eddico pode fazer o requerimento. \u00a0Informa\u00e7\u00f5es do BN<\/p>\n","protected":false},"excerpt":{"rendered":"<p>A Procuradoria Regional Eleitoral da Bahia (PRE-BA) protocolou nesta ter\u00e7a-feira (13), no Tribunal Regional Eleitoral Estadual (TRE-BA), uma a\u00e7\u00e3o contra o prefeito de Alagoinhas, Paulo Cesar Silva (PDT), por ter se desfiliado do PSDB sem declarar uma justa causa, o que dever\u00e1 levar o alcaide a perder o mandato eletivo. A procuradoria remeteu aos promotores [&hellip;]<\/p>\n","protected":false},"author":2,"featured_media":0,"comment_status":"open","ping_status":"open","sticky":false,"template":"","format":"standard","meta":{"footnotes":"","_links_to":"","_links_to_target":""},"categories":[1],"tags":[],"class_list":["post-8625","post","type-post","status-publish","format-standard","hentry","category-geral"],"views":1527,"_links":{"self":[{"href":"https:\/\/www.sudoestehoje.com.br\/novoportal\/wp-json\/wp\/v2\/posts\/8625","targetHints":{"allow":["GET"]}}],"collection":[{"href":"https:\/\/www.sudoestehoje.com.br\/novoportal\/wp-json\/wp\/v2\/posts"}],"about":[{"href":"https:\/\/www.sudoestehoje.com.br\/novoportal\/wp-json\/wp\/v2\/types\/post"}],"author":[{"embeddable":true,"href":"https:\/\/www.sudoestehoje.com.br\/novoportal\/wp-json\/wp\/v2\/users\/2"}],"replies":[{"embeddable":true,"href":"https:\/\/www.sudoestehoje.com.br\/novoportal\/wp-json\/wp\/v2\/comments?post=8625"}],"version-history":[{"count":9,"href":"https:\/\/www.sudoestehoje.com.br\/novoportal\/wp-json\/wp\/v2\/posts\/8625\/revisions"}],"predecessor-version":[{"id":8631,"href":"https:\/\/www.sudoestehoje.com.br\/novoportal\/wp-json\/wp\/v2\/posts\/8625\/revisions\/8631"}],"wp:attachment":[{"href":"https:\/\/www.sudoestehoje.com.br\/novoportal\/wp-json\/wp\/v2\/media?parent=8625"}],"wp:term":[{"taxonomy":"category","embeddable":true,"href":"https:\/\/www.sudoestehoje.com.br\/novoportal\/wp-json\/wp\/v2\/categories?post=8625"},{"taxonomy":"post_tag","embeddable":true,"href":"https:\/\/www.sudoestehoje.com.br\/novoportal\/wp-json\/wp\/v2\/tags?post=8625"}],"curies":[{"name":"wp","href":"https:\/\/api.w.org\/{rel}","templated":true}]}}