
{"id":86245,"date":"2020-04-21T09:13:05","date_gmt":"2020-04-21T12:13:05","guid":{"rendered":"https:\/\/www.sudoestehoje.com.br\/novoportal\/?p=86245"},"modified":"2020-04-21T09:13:05","modified_gmt":"2020-04-21T12:13:05","slug":"regiao-transporte-intermunicipal-e-liberado-em-itarantim-e-itororo","status":"publish","type":"post","link":"https:\/\/www.sudoestehoje.com.br\/novoportal\/2020\/04\/21\/regiao-transporte-intermunicipal-e-liberado-em-itarantim-e-itororo\/","title":{"rendered":"REGI\u00c3O: TRANSPORTE INTERMUNICIPAL \u00c9 LIBERADO EM ITARANTIM E ITOROR\u00d3"},"content":{"rendered":"<p><a href=\"https:\/\/www.sudoestehoje.com.br\/novoportal\/wp-content\/uploads\/2020\/04\/ROD-ITARANTIM.jpg\"><img loading=\"lazy\" decoding=\"async\" class=\"aligncenter size-medium wp-image-86246\" src=\"https:\/\/www.sudoestehoje.com.br\/novoportal\/wp-content\/uploads\/2020\/04\/ROD-ITARANTIM-500x335.jpg\" alt=\"\" width=\"500\" height=\"335\" srcset=\"https:\/\/www.sudoestehoje.com.br\/novoportal\/wp-content\/uploads\/2020\/04\/ROD-ITARANTIM-500x335.jpg 500w, https:\/\/www.sudoestehoje.com.br\/novoportal\/wp-content\/uploads\/2020\/04\/ROD-ITARANTIM-700x469.jpg 700w, https:\/\/www.sudoestehoje.com.br\/novoportal\/wp-content\/uploads\/2020\/04\/ROD-ITARANTIM-768x514.jpg 768w, https:\/\/www.sudoestehoje.com.br\/novoportal\/wp-content\/uploads\/2020\/04\/ROD-ITARANTIM-1536x1028.jpg 1536w, https:\/\/www.sudoestehoje.com.br\/novoportal\/wp-content\/uploads\/2020\/04\/ROD-ITARANTIM.jpg 1600w\" sizes=\"auto, (max-width: 500px) 100vw, 500px\" \/><\/a><\/p>\n<p>Mais 12 munic\u00edpios entram na lista dos que ter\u00e3o transporte intermunicipal suspenso. Agora, j\u00e1 s\u00e3o 81 munic\u00edpios com transporte suspenso. Em decreto desta ter\u00e7a-feira (21), foram inclu\u00eddas as cidades de Barro Preto, no Sul; Cora\u00e7\u00e3o de Maria, no Portal do Sert\u00e3o; Dias D\u2019\u00c1vila, na Regi\u00e3o Metropolitana de Salvador (RMS); Ipir\u00e1, na Bacia do Jacu\u00edpe; Itabela, na Costa do Descobrimento; Itaberaba, no Piemonte do Paragua\u00e7u; Itamari e Mirante, no sudoeste; Morpar\u00e1, no oeste; Mucug\u00ea, na Chapada Diamantina e Ribeira do Pombal, no Nordeste baiano.<\/p>\n<p>A suspens\u00e3o dos transportes se deve \u00e0 ocorr\u00eancia de casos de novo coronav\u00edrus nos munic\u00edpios.<\/p>\n<p>Conforme o decreto do governador Rui Costa, a suspens\u00e3o dos transportes ocorre a partir desta quarta-feira (22). A partir da 0h fica proibida a sa\u00edda de ve\u00edculos desses locais. J\u00e1 a chegada ser\u00e1 tolerada at\u00e9 as 9h. \u00a0A medida se refere a qualquer transporte coletivo intermunicipal, seja p\u00fablico ou privado, rodovi\u00e1rio e hidrovi\u00e1rio, nas modalidades regular, fretamento, complementar, alternativo e de vans.<\/p>\n<p><strong>TRANSPORTE LIBERADO EM ITOROR\u00d3 E ITARANTIM<\/strong><\/p>\n<p>No mesmo decreto, o governador liberou a circula\u00e7\u00e3o de transportes municipais em 11 cidades. Foram beneficiados os munic\u00edpios de Adustina, no nordeste baiano; Barra do Rocha,<strong> Itarantim, Itoror\u00f3<\/strong>, Pirip\u00e1, no sudoeste; Cachoeira e S\u00e3o F\u00e9lix, no Rec\u00f4ncavo; Gandu, no Baixo Sul; Palmeiras e Utinga, na Chapada, e Prado, no Extremo Sul.<\/p>\n<p>A justificativa para libera\u00e7\u00e3o do transporte \u00e9 que esses munic\u00edpios j\u00e1 completaram 14 dias ou mais sem novos casos de Covid-19<strong><em>.\/\/BN\u00a0<\/em><\/strong><\/p>\n","protected":false},"excerpt":{"rendered":"<p>Mais 12 munic\u00edpios entram na lista dos que ter\u00e3o transporte intermunicipal suspenso. Agora, j\u00e1 s\u00e3o 81 munic\u00edpios com transporte suspenso. Em decreto desta ter\u00e7a-feira (21), foram inclu\u00eddas as cidades de Barro Preto, no Sul; Cora\u00e7\u00e3o de Maria, no Portal do Sert\u00e3o; Dias D\u2019\u00c1vila, na Regi\u00e3o Metropolitana de Salvador (RMS); Ipir\u00e1, na Bacia do Jacu\u00edpe; Itabela, [&hellip;]<\/p>\n","protected":false},"author":2,"featured_media":86246,"comment_status":"open","ping_status":"open","sticky":false,"template":"","format":"standard","meta":{"footnotes":"","_links_to":"","_links_to_target":""},"categories":[1],"tags":[],"class_list":["post-86245","post","type-post","status-publish","format-standard","has-post-thumbnail","hentry","category-geral"],"views":1634,"_links":{"self":[{"href":"https:\/\/www.sudoestehoje.com.br\/novoportal\/wp-json\/wp\/v2\/posts\/86245","targetHints":{"allow":["GET"]}}],"collection":[{"href":"https:\/\/www.sudoestehoje.com.br\/novoportal\/wp-json\/wp\/v2\/posts"}],"about":[{"href":"https:\/\/www.sudoestehoje.com.br\/novoportal\/wp-json\/wp\/v2\/types\/post"}],"author":[{"embeddable":true,"href":"https:\/\/www.sudoestehoje.com.br\/novoportal\/wp-json\/wp\/v2\/users\/2"}],"replies":[{"embeddable":true,"href":"https:\/\/www.sudoestehoje.com.br\/novoportal\/wp-json\/wp\/v2\/comments?post=86245"}],"version-history":[{"count":1,"href":"https:\/\/www.sudoestehoje.com.br\/novoportal\/wp-json\/wp\/v2\/posts\/86245\/revisions"}],"predecessor-version":[{"id":86247,"href":"https:\/\/www.sudoestehoje.com.br\/novoportal\/wp-json\/wp\/v2\/posts\/86245\/revisions\/86247"}],"wp:featuredmedia":[{"embeddable":true,"href":"https:\/\/www.sudoestehoje.com.br\/novoportal\/wp-json\/wp\/v2\/media\/86246"}],"wp:attachment":[{"href":"https:\/\/www.sudoestehoje.com.br\/novoportal\/wp-json\/wp\/v2\/media?parent=86245"}],"wp:term":[{"taxonomy":"category","embeddable":true,"href":"https:\/\/www.sudoestehoje.com.br\/novoportal\/wp-json\/wp\/v2\/categories?post=86245"},{"taxonomy":"post_tag","embeddable":true,"href":"https:\/\/www.sudoestehoje.com.br\/novoportal\/wp-json\/wp\/v2\/tags?post=86245"}],"curies":[{"name":"wp","href":"https:\/\/api.w.org\/{rel}","templated":true}]}}