
{"id":86237,"date":"2020-04-20T21:49:07","date_gmt":"2020-04-21T00:49:07","guid":{"rendered":"https:\/\/www.sudoestehoje.com.br\/novoportal\/?p=86237"},"modified":"2020-04-20T22:09:17","modified_gmt":"2020-04-21T01:09:17","slug":"itapetinga-e-regiao-vulcabras-azaleia-e-vila-rosa-reduzem-jornada-de-trabalho-em-70","status":"publish","type":"post","link":"https:\/\/www.sudoestehoje.com.br\/novoportal\/2020\/04\/20\/itapetinga-e-regiao-vulcabras-azaleia-e-vila-rosa-reduzem-jornada-de-trabalho-em-70\/","title":{"rendered":"ITAPETINGA E REGI\u00c3O: VULCABRAS\/AZALEIA E VILA ROSA REDUZEM JORNADA DE TRABALHO EM 70% PARA EVITAR DEMISS\u00d5ES"},"content":{"rendered":"<p><a href=\"https:\/\/www.sudoestehoje.com.br\/novoportal\/wp-content\/uploads\/2020\/04\/AZALEIA-500x375-1.jpg\"><img loading=\"lazy\" decoding=\"async\" class=\"aligncenter size-full wp-image-86239\" src=\"https:\/\/www.sudoestehoje.com.br\/novoportal\/wp-content\/uploads\/2020\/04\/AZALEIA-500x375-1.jpg\" alt=\"\" width=\"500\" height=\"375\" \/><\/a><\/p>\n<p>Nesta segunda-feira (20), a Industria de Cal\u00e7ados Vulcabras\/Azaleia, sediada em Itapetinga, fechou um acordo com o sindicato da categoria, reduzindo em 70% a jornada de trabalho dos seus funcion\u00e1rios, no per\u00edodo entre\u00a0 27 de abril a 31 de maio, para quem trabalha na produ\u00e7\u00e3o, e em 25% para outros setores de apoio.<\/p>\n<p>Com isto, a jornada de trabalho os trabalhadores ligados \u00e0 \u00e1rea da produ\u00e7\u00e3o de cal\u00e7ados ter\u00e3o jornada correspondente a apenas 30%, durante o per\u00edodo estabelecido no acordo.<\/p>\n<p>A Vila Rosa, empresa instalada em Macarani, Itamb\u00e9 e Caatiba, j\u00e1 havia adotado a mesma provid\u00eancia, visando evitar demiss\u00f5es.<\/p>\n<p>PAGAMENTO DOS SAL\u00c1RIOS<\/p>\n<p>De acordo com o Sindicato de Verdade, a empresa vai aplicar o que disp\u00f5em medidas provis\u00f3rias do Governo Federal, que preveem o pagamento de apenas 30% dos sal\u00e1rios pelo empregador, e o restante (70%) calculado sobre o Seguro Desemprego, a ser liberado pelo Minist\u00e9rio do Trabalho 30 dias ap\u00f3s comunica\u00e7\u00e3o da empresa ao MT.<\/p>\n<p>Os dias de trabalho ser\u00e3o informados pela empresa no dia 27 de abril, no retorno das f\u00e9rias coletivas.<\/p>\n<p><em><strong>Por Davi Ferraz<\/strong><\/em><\/p>\n","protected":false},"excerpt":{"rendered":"<p>Nesta segunda-feira (20), a Industria de Cal\u00e7ados Vulcabras\/Azaleia, sediada em Itapetinga, fechou um acordo com o sindicato da categoria, reduzindo em 70% a jornada de trabalho dos seus funcion\u00e1rios, no per\u00edodo entre\u00a0 27 de abril a 31 de maio, para quem trabalha na produ\u00e7\u00e3o, e em 25% para outros setores de apoio. Com isto, a [&hellip;]<\/p>\n","protected":false},"author":2,"featured_media":86239,"comment_status":"open","ping_status":"open","sticky":false,"template":"","format":"standard","meta":{"footnotes":"","_links_to":"","_links_to_target":""},"categories":[1],"tags":[],"class_list":["post-86237","post","type-post","status-publish","format-standard","has-post-thumbnail","hentry","category-geral"],"views":3653,"_links":{"self":[{"href":"https:\/\/www.sudoestehoje.com.br\/novoportal\/wp-json\/wp\/v2\/posts\/86237","targetHints":{"allow":["GET"]}}],"collection":[{"href":"https:\/\/www.sudoestehoje.com.br\/novoportal\/wp-json\/wp\/v2\/posts"}],"about":[{"href":"https:\/\/www.sudoestehoje.com.br\/novoportal\/wp-json\/wp\/v2\/types\/post"}],"author":[{"embeddable":true,"href":"https:\/\/www.sudoestehoje.com.br\/novoportal\/wp-json\/wp\/v2\/users\/2"}],"replies":[{"embeddable":true,"href":"https:\/\/www.sudoestehoje.com.br\/novoportal\/wp-json\/wp\/v2\/comments?post=86237"}],"version-history":[{"count":5,"href":"https:\/\/www.sudoestehoje.com.br\/novoportal\/wp-json\/wp\/v2\/posts\/86237\/revisions"}],"predecessor-version":[{"id":86243,"href":"https:\/\/www.sudoestehoje.com.br\/novoportal\/wp-json\/wp\/v2\/posts\/86237\/revisions\/86243"}],"wp:featuredmedia":[{"embeddable":true,"href":"https:\/\/www.sudoestehoje.com.br\/novoportal\/wp-json\/wp\/v2\/media\/86239"}],"wp:attachment":[{"href":"https:\/\/www.sudoestehoje.com.br\/novoportal\/wp-json\/wp\/v2\/media?parent=86237"}],"wp:term":[{"taxonomy":"category","embeddable":true,"href":"https:\/\/www.sudoestehoje.com.br\/novoportal\/wp-json\/wp\/v2\/categories?post=86237"},{"taxonomy":"post_tag","embeddable":true,"href":"https:\/\/www.sudoestehoje.com.br\/novoportal\/wp-json\/wp\/v2\/tags?post=86237"}],"curies":[{"name":"wp","href":"https:\/\/api.w.org\/{rel}","templated":true}]}}