
{"id":86233,"date":"2020-04-20T20:27:13","date_gmt":"2020-04-20T23:27:13","guid":{"rendered":"https:\/\/www.sudoestehoje.com.br\/novoportal\/?p=86233"},"modified":"2020-04-20T20:27:13","modified_gmt":"2020-04-20T23:27:13","slug":"bahia-motorista-pode-dirigir-com-carteira-vencida-enquanto-durar-pandemia-de-coronavirus","status":"publish","type":"post","link":"https:\/\/www.sudoestehoje.com.br\/novoportal\/2020\/04\/20\/bahia-motorista-pode-dirigir-com-carteira-vencida-enquanto-durar-pandemia-de-coronavirus\/","title":{"rendered":"BAHIA: MOTORISTA PODE DIRIGIR COM CARTEIRA VENCIDA ENQUANTO DURAR PANDEMIA DE CORONAV\u00cdRUS"},"content":{"rendered":"<p><a href=\"https:\/\/www.sudoestehoje.com.br\/novoportal\/wp-content\/uploads\/2020\/04\/CNH-VENCIDA.jpg\"><img loading=\"lazy\" decoding=\"async\" class=\"aligncenter size-full wp-image-86235\" src=\"https:\/\/www.sudoestehoje.com.br\/novoportal\/wp-content\/uploads\/2020\/04\/CNH-VENCIDA.jpg\" alt=\"\" width=\"480\" height=\"360\" \/><\/a><\/p>\n<p>O motorista com carteira de habilita\u00e7\u00e3o (CNH) vencida desde 19 de fevereiro pode continuar dirigindo, enquanto durar a pandemia do coronav\u00edrus, sem ser multado e ter o ve\u00edculo removido. A regra vale tamb\u00e9m para a carteira provis\u00f3ria, segundo o Departamento Estadual de Tr\u00e2nsito (Detran-BA).<\/p>\n<p>O Departamento de Tr\u00e2nsito tamb\u00e9m sinalizou\u00a0que o prazo para a renova\u00e7\u00e3o da CNH est\u00e1 suspenso de acordo com a delibera\u00e7\u00e3o 185\/2020, do Conselho Nacional de Tr\u00e2nsito (Contran).<\/p>\n<p>J\u00e1 a renova\u00e7\u00e3o do licenciamento dos ve\u00edculos registrados no Detran-BA n\u00e3o sofreu mudan\u00e7a nas regras.<\/p>\n<p>O \u00f3rg\u00e3o alerta que o procedimento est\u00e1 mantido, sem altera\u00e7\u00e3o nos prazos. A documenta\u00e7\u00e3o em dia evita autua\u00e7\u00e3o e remo\u00e7\u00e3o do carro.<\/p>\n<p>O licenciamento composto por taxa administrativa do Detran-BA, seguro DPVAT, imposto sobre autom\u00f3veis (IPVA) e multas existentes, segue o calend\u00e1rio da Secretaria da Fazenda do Estado (Sefaz-BA) para o pagamento do IPVA, pelo final da placa, que est\u00e1 dispon\u00edvel no\u00a0<a href=\"http:\/\/www.sefaz.ba.gov.br\/\" target=\"_blank\" rel=\"noopener noreferrer\">site da secretaria<\/a>. Os d\u00e9bitos podem ser quitados no Banco do Brasil, Bradesco e Bancoob.<\/p>\n<p>No caso de ve\u00edculos novos adquiridos desde 20 de mar\u00e7o, os propriet\u00e1rios t\u00eam a op\u00e7\u00e3o de n\u00e3o fazer o licenciamento e circular portando a nota fiscal. Quem preferir regularizar o carro deve procurar um despachante credenciado ao Detran-BA. O servi\u00e7o est\u00e1 sendo finalizado internamente no \u00f3rg\u00e3o, at\u00e9 que o atendimento volte \u00e0 normalidade.<\/p>\n","protected":false},"excerpt":{"rendered":"<p>O motorista com carteira de habilita\u00e7\u00e3o (CNH) vencida desde 19 de fevereiro pode continuar dirigindo, enquanto durar a pandemia do coronav\u00edrus, sem ser multado e ter o ve\u00edculo removido. A regra vale tamb\u00e9m para a carteira provis\u00f3ria, segundo o Departamento Estadual de Tr\u00e2nsito (Detran-BA). O Departamento de Tr\u00e2nsito tamb\u00e9m sinalizou\u00a0que o prazo para a renova\u00e7\u00e3o [&hellip;]<\/p>\n","protected":false},"author":2,"featured_media":86235,"comment_status":"open","ping_status":"open","sticky":false,"template":"","format":"standard","meta":{"footnotes":"","_links_to":"","_links_to_target":""},"categories":[1],"tags":[],"class_list":["post-86233","post","type-post","status-publish","format-standard","has-post-thumbnail","hentry","category-geral"],"views":972,"_links":{"self":[{"href":"https:\/\/www.sudoestehoje.com.br\/novoportal\/wp-json\/wp\/v2\/posts\/86233","targetHints":{"allow":["GET"]}}],"collection":[{"href":"https:\/\/www.sudoestehoje.com.br\/novoportal\/wp-json\/wp\/v2\/posts"}],"about":[{"href":"https:\/\/www.sudoestehoje.com.br\/novoportal\/wp-json\/wp\/v2\/types\/post"}],"author":[{"embeddable":true,"href":"https:\/\/www.sudoestehoje.com.br\/novoportal\/wp-json\/wp\/v2\/users\/2"}],"replies":[{"embeddable":true,"href":"https:\/\/www.sudoestehoje.com.br\/novoportal\/wp-json\/wp\/v2\/comments?post=86233"}],"version-history":[{"count":2,"href":"https:\/\/www.sudoestehoje.com.br\/novoportal\/wp-json\/wp\/v2\/posts\/86233\/revisions"}],"predecessor-version":[{"id":86236,"href":"https:\/\/www.sudoestehoje.com.br\/novoportal\/wp-json\/wp\/v2\/posts\/86233\/revisions\/86236"}],"wp:featuredmedia":[{"embeddable":true,"href":"https:\/\/www.sudoestehoje.com.br\/novoportal\/wp-json\/wp\/v2\/media\/86235"}],"wp:attachment":[{"href":"https:\/\/www.sudoestehoje.com.br\/novoportal\/wp-json\/wp\/v2\/media?parent=86233"}],"wp:term":[{"taxonomy":"category","embeddable":true,"href":"https:\/\/www.sudoestehoje.com.br\/novoportal\/wp-json\/wp\/v2\/categories?post=86233"},{"taxonomy":"post_tag","embeddable":true,"href":"https:\/\/www.sudoestehoje.com.br\/novoportal\/wp-json\/wp\/v2\/tags?post=86233"}],"curies":[{"name":"wp","href":"https:\/\/api.w.org\/{rel}","templated":true}]}}