
{"id":86229,"date":"2020-04-20T19:12:58","date_gmt":"2020-04-20T22:12:58","guid":{"rendered":"https:\/\/www.sudoestehoje.com.br\/novoportal\/?p=86229"},"modified":"2020-04-20T19:12:58","modified_gmt":"2020-04-20T22:12:58","slug":"morre-primeiro-profissional-de-saude-da-bahia-em-decorrencia-do-covid-19","status":"publish","type":"post","link":"https:\/\/www.sudoestehoje.com.br\/novoportal\/2020\/04\/20\/morre-primeiro-profissional-de-saude-da-bahia-em-decorrencia-do-covid-19\/","title":{"rendered":"MORRE PRIMEIRO PROFISSIONAL DE SA\u00daDE DA BAHIA EM DECORR\u00caNCIA DO COVID-19"},"content":{"rendered":"<div class=\"mc-column content-text active-extra-styles \" data-block-type=\"unstyled\" data-block-weight=\"44\" data-block-id=\"2\">\n<p data-track-category=\"Link no Texto\" data-track-links=\"\"><a href=\"https:\/\/www.sudoestehoje.com.br\/novoportal\/wp-content\/uploads\/2020\/04\/MEDICO-COVID.jpg\"><img loading=\"lazy\" decoding=\"async\" class=\"aligncenter size-medium wp-image-86231\" src=\"https:\/\/www.sudoestehoje.com.br\/novoportal\/wp-content\/uploads\/2020\/04\/MEDICO-COVID-500x310.jpg\" alt=\"\" width=\"500\" height=\"310\" srcset=\"https:\/\/www.sudoestehoje.com.br\/novoportal\/wp-content\/uploads\/2020\/04\/MEDICO-COVID-500x310.jpg 500w, https:\/\/www.sudoestehoje.com.br\/novoportal\/wp-content\/uploads\/2020\/04\/MEDICO-COVID.jpg 696w\" sizes=\"auto, (max-width: 500px) 100vw, 500px\" \/><\/a><\/p>\n<p class=\"content-text__container \" data-track-category=\"Link no Texto\" data-track-links=\"\">O m\u00e9dico Gilmar Calazans, de 55 anos, \u00e9 o primeiro profissional de sa\u00fade a morrer em decorr\u00eancia da Covid-19 na Bahia. Ele residia em Ilh\u00e9us e faleceu na manh\u00e3 desta segunda-feira (20).\u00a0Ele foi o 46\u00ba paciente a morrer pela Covid-19 no estado.<\/p>\n<\/div>\n<div class=\"wall protected-content\">\n<div class=\"mc-column content-text active-extra-styles\" data-block-type=\"raw\" data-block-weight=\"26\" data-block-id=\"3\">\n<p>Calazans, que trabalhava na parte de internamento do Hospital Regional Costa do Cacau (HRCC), testou positivo para o novo coronav\u00edrus na \u00faltima quinta-feira (16), quando iniciou o processo de quarentena.<\/p>\n<\/div>\n<div class=\"mc-column content-text active-extra-styles \" data-block-type=\"unstyled\" data-block-weight=\"30\" data-block-id=\"5\">\n<p class=\"content-text__container \" data-track-category=\"Link no Texto\" data-track-links=\"\">Como tinha um hist\u00f3rico de hipertens\u00e3o desregulada, ele apresentou um agravamento no quadro de sa\u00fade e procurou ajuda na unidade onde trabalhava, mas sequer deu tempo de ser regulado.<\/p>\n<\/div>\n<div class=\"mc-column content-text active-extra-styles \" data-block-type=\"unstyled\" data-block-weight=\"31\" data-block-id=\"6\">\n<p class=\"content-text__container \" data-track-category=\"Link no Texto\" data-track-links=\"\">Em nota, a dire\u00e7\u00e3o do HRCC, lamentou o falecimento do m\u00e9dico Gilmar Calazans Lima de 55 anos. Segundo a unidade, ele tamb\u00e9m tinha como fatores de risco obesidade e diabetes.<\/p>\n<\/div>\n<div class=\"mc-column content-text active-extra-styles \" data-block-type=\"unstyled\" data-block-weight=\"21\" data-block-id=\"7\">\n<p class=\"content-text__container \" data-track-category=\"Link no Texto\" data-track-links=\"\">\u201cNeste momento de dor e consterna\u00e7\u00e3o, deixamos os nossos mais sinceros p\u00easames aos familiares e amigos\u201d, finaliza a nota do HRCC.<\/p>\n<\/div>\n<div class=\"mc-column content-text active-extra-styles \" data-block-type=\"unstyled\" data-block-weight=\"22\" data-block-id=\"8\">\n<p class=\"content-text__container \" data-track-category=\"Link no Texto\" data-track-links=\"\">Ao todo, 157 profissionais de sa\u00fade na Bahia foram infectados pelo coronav\u00edrus, entre eles m\u00e9dicos, enfermeiros, t\u00e9cnicos de enfermagem e outros servidores.<\/p>\n<\/div>\n<div class=\"mc-column content-text active-extra-styles \" data-block-type=\"unstyled\" data-block-weight=\"26\" data-block-id=\"10\">\n<p class=\"content-text__container \" data-track-category=\"Link no Texto\" data-track-links=\"\">At\u00e9 o in\u00edcio da tarde desta segunda-feira (20), a\u00a0<strong>Bahia havia registrado mais de 1.340 casos confirmados da Covid-19, com 46 mortes\u00a0em decorr\u00eancia da doen\u00e7a<\/strong>.<\/p>\n<p data-track-category=\"Link no Texto\" data-track-links=\"\">Fonte: G1<\/p>\n<\/div>\n<\/div>\n","protected":false},"excerpt":{"rendered":"<p>O m\u00e9dico Gilmar Calazans, de 55 anos, \u00e9 o primeiro profissional de sa\u00fade a morrer em decorr\u00eancia da Covid-19 na Bahia. Ele residia em Ilh\u00e9us e faleceu na manh\u00e3 desta segunda-feira (20).\u00a0Ele foi o 46\u00ba paciente a morrer pela Covid-19 no estado. Calazans, que trabalhava na parte de internamento do Hospital Regional Costa do Cacau [&hellip;]<\/p>\n","protected":false},"author":2,"featured_media":86231,"comment_status":"open","ping_status":"open","sticky":false,"template":"","format":"standard","meta":{"footnotes":"","_links_to":"","_links_to_target":""},"categories":[1],"tags":[],"class_list":["post-86229","post","type-post","status-publish","format-standard","has-post-thumbnail","hentry","category-geral"],"views":1730,"_links":{"self":[{"href":"https:\/\/www.sudoestehoje.com.br\/novoportal\/wp-json\/wp\/v2\/posts\/86229","targetHints":{"allow":["GET"]}}],"collection":[{"href":"https:\/\/www.sudoestehoje.com.br\/novoportal\/wp-json\/wp\/v2\/posts"}],"about":[{"href":"https:\/\/www.sudoestehoje.com.br\/novoportal\/wp-json\/wp\/v2\/types\/post"}],"author":[{"embeddable":true,"href":"https:\/\/www.sudoestehoje.com.br\/novoportal\/wp-json\/wp\/v2\/users\/2"}],"replies":[{"embeddable":true,"href":"https:\/\/www.sudoestehoje.com.br\/novoportal\/wp-json\/wp\/v2\/comments?post=86229"}],"version-history":[{"count":2,"href":"https:\/\/www.sudoestehoje.com.br\/novoportal\/wp-json\/wp\/v2\/posts\/86229\/revisions"}],"predecessor-version":[{"id":86232,"href":"https:\/\/www.sudoestehoje.com.br\/novoportal\/wp-json\/wp\/v2\/posts\/86229\/revisions\/86232"}],"wp:featuredmedia":[{"embeddable":true,"href":"https:\/\/www.sudoestehoje.com.br\/novoportal\/wp-json\/wp\/v2\/media\/86231"}],"wp:attachment":[{"href":"https:\/\/www.sudoestehoje.com.br\/novoportal\/wp-json\/wp\/v2\/media?parent=86229"}],"wp:term":[{"taxonomy":"category","embeddable":true,"href":"https:\/\/www.sudoestehoje.com.br\/novoportal\/wp-json\/wp\/v2\/categories?post=86229"},{"taxonomy":"post_tag","embeddable":true,"href":"https:\/\/www.sudoestehoje.com.br\/novoportal\/wp-json\/wp\/v2\/tags?post=86229"}],"curies":[{"name":"wp","href":"https:\/\/api.w.org\/{rel}","templated":true}]}}