
{"id":86218,"date":"2020-04-19T21:12:29","date_gmt":"2020-04-20T00:12:29","guid":{"rendered":"https:\/\/www.sudoestehoje.com.br\/novoportal\/?p=86218"},"modified":"2020-04-19T21:12:29","modified_gmt":"2020-04-20T00:12:29","slug":"boa-noticia-vacina-contra-coronavirus-pode-ficar-pronta-em-setembro","status":"publish","type":"post","link":"https:\/\/www.sudoestehoje.com.br\/novoportal\/2020\/04\/19\/boa-noticia-vacina-contra-coronavirus-pode-ficar-pronta-em-setembro\/","title":{"rendered":"BOA NOT\u00cdCIA! VACINA CONTRA CORONAV\u00cdRUS PODE FICAR PRONTA EM SETEMBRO"},"content":{"rendered":"<p><a href=\"https:\/\/www.sudoestehoje.com.br\/novoportal\/wp-content\/uploads\/2020\/04\/VACINA-C.jpg\"><img loading=\"lazy\" decoding=\"async\" class=\"aligncenter size-medium wp-image-86222\" src=\"https:\/\/www.sudoestehoje.com.br\/novoportal\/wp-content\/uploads\/2020\/04\/VACINA-C-500x281.jpg\" alt=\"\" width=\"500\" height=\"281\" \/><\/a><\/p>\n<p class=\"bodytext\"><strong><em>Jornal Correio<\/em><\/strong><\/p>\n<p class=\"bodytext\">Uma professora da Universidade de Oxford, no Reino Unido, estima que uma vacina contra o novo coronav\u00edrus esteja pronta em setembro deste ano. Os testes em humanos devem come\u00e7ar dentro de duas semanas.<\/p>\n<p class=\"bodytext\">Sarah Gilbert, que trabalha junto a uma equipe que desenvolve uma vacina contra o novo v\u00edrus, diz estar 80% confiante de que vacina de seu time estar\u00e1 pronta neste ano, afirmou a professora ao jornal brit\u00e2nico Times of London.<\/p>\n<p class=\"bodytext\">\u201cAcredito que h\u00e1 uma grande chance de que o nosso trabalho ir\u00e1 funcionar, com base em outras coisas que j\u00e1 fizemos com esse tipo de vacina\u201d, disse.<\/p>\n<p class=\"bodytext\">O governo brit\u00e2nico j\u00e1 sinalizou positivamente para a produ\u00e7\u00e3o em massa de uma vacina, uma vez que ela seja aprovada e atestada como segura.<\/p>\n<p class=\"bodytext\">A not\u00edcia chega em uma semana em que o n\u00famero de mortos do coronav\u00edrus atingiu 100 mil. Por outro lado, com quase 2 milh\u00f5es de infectados, 400 mil pessoas j\u00e1 se curaram da covid-19.<\/p>\n<p class=\"bodytext\">A estimativa da professora de Oxford \u00e9 mais otimista do que a m\u00e9dia dos especialistas, que estimam entre um ano e um ano e meio at\u00e9 a cria\u00e7\u00e3o de uma vacina. Melinda Gates, da Funda\u00e7\u00e3o Bill &amp; Melinda Gates, por exemplo, estima 18 meses para o desenvolvimento da vacina contra a Covid-19.<\/p>\n","protected":false},"excerpt":{"rendered":"<p>Jornal Correio Uma professora da Universidade de Oxford, no Reino Unido, estima que uma vacina contra o novo coronav\u00edrus esteja pronta em setembro deste ano. Os testes em humanos devem come\u00e7ar dentro de duas semanas. Sarah Gilbert, que trabalha junto a uma equipe que desenvolve uma vacina contra o novo v\u00edrus, diz estar 80% confiante [&hellip;]<\/p>\n","protected":false},"author":2,"featured_media":86221,"comment_status":"open","ping_status":"open","sticky":false,"template":"","format":"standard","meta":{"footnotes":"","_links_to":"","_links_to_target":""},"categories":[1],"tags":[],"class_list":["post-86218","post","type-post","status-publish","format-standard","has-post-thumbnail","hentry","category-geral"],"views":1079,"_links":{"self":[{"href":"https:\/\/www.sudoestehoje.com.br\/novoportal\/wp-json\/wp\/v2\/posts\/86218","targetHints":{"allow":["GET"]}}],"collection":[{"href":"https:\/\/www.sudoestehoje.com.br\/novoportal\/wp-json\/wp\/v2\/posts"}],"about":[{"href":"https:\/\/www.sudoestehoje.com.br\/novoportal\/wp-json\/wp\/v2\/types\/post"}],"author":[{"embeddable":true,"href":"https:\/\/www.sudoestehoje.com.br\/novoportal\/wp-json\/wp\/v2\/users\/2"}],"replies":[{"embeddable":true,"href":"https:\/\/www.sudoestehoje.com.br\/novoportal\/wp-json\/wp\/v2\/comments?post=86218"}],"version-history":[{"count":3,"href":"https:\/\/www.sudoestehoje.com.br\/novoportal\/wp-json\/wp\/v2\/posts\/86218\/revisions"}],"predecessor-version":[{"id":86223,"href":"https:\/\/www.sudoestehoje.com.br\/novoportal\/wp-json\/wp\/v2\/posts\/86218\/revisions\/86223"}],"wp:featuredmedia":[{"embeddable":true,"href":"https:\/\/www.sudoestehoje.com.br\/novoportal\/wp-json\/wp\/v2\/media\/86221"}],"wp:attachment":[{"href":"https:\/\/www.sudoestehoje.com.br\/novoportal\/wp-json\/wp\/v2\/media?parent=86218"}],"wp:term":[{"taxonomy":"category","embeddable":true,"href":"https:\/\/www.sudoestehoje.com.br\/novoportal\/wp-json\/wp\/v2\/categories?post=86218"},{"taxonomy":"post_tag","embeddable":true,"href":"https:\/\/www.sudoestehoje.com.br\/novoportal\/wp-json\/wp\/v2\/tags?post=86218"}],"curies":[{"name":"wp","href":"https:\/\/api.w.org\/{rel}","templated":true}]}}