
{"id":86197,"date":"2020-04-25T13:00:44","date_gmt":"2020-04-25T16:00:44","guid":{"rendered":"https:\/\/www.sudoestehoje.com.br\/novoportal\/?p=86197"},"modified":"2020-04-26T21:59:02","modified_gmt":"2020-04-27T00:59:02","slug":"saida-de-mandetta-atrapalha-planos-do-deputado-antonio-brito","status":"publish","type":"post","link":"https:\/\/www.sudoestehoje.com.br\/novoportal\/2020\/04\/25\/saida-de-mandetta-atrapalha-planos-do-deputado-antonio-brito\/","title":{"rendered":"SA\u00cdDA DE MANDETTA DO MINIST\u00c9RIO DA SA\u00daDE ATRAPALHA PLANOS DE ANT\u00d4NIO BRITO"},"content":{"rendered":"<p><a href=\"https:\/\/www.sudoestehoje.com.br\/novoportal\/wp-content\/uploads\/2020\/04\/BRITO-E-MANDETA-CORONA.jpg\"><img loading=\"lazy\" decoding=\"async\" class=\"aligncenter size-medium wp-image-86198\" src=\"https:\/\/www.sudoestehoje.com.br\/novoportal\/wp-content\/uploads\/2020\/04\/BRITO-E-MANDETA-CORONA-500x334.jpg\" alt=\"\" width=\"500\" height=\"334\" srcset=\"https:\/\/www.sudoestehoje.com.br\/novoportal\/wp-content\/uploads\/2020\/04\/BRITO-E-MANDETA-CORONA-500x334.jpg 500w, https:\/\/www.sudoestehoje.com.br\/novoportal\/wp-content\/uploads\/2020\/04\/BRITO-E-MANDETA-CORONA-768x513.jpg 768w, https:\/\/www.sudoestehoje.com.br\/novoportal\/wp-content\/uploads\/2020\/04\/BRITO-E-MANDETA-CORONA-700x468.jpg 700w, https:\/\/www.sudoestehoje.com.br\/novoportal\/wp-content\/uploads\/2020\/04\/BRITO-E-MANDETA-CORONA.jpg 1280w\" sizes=\"auto, (max-width: 500px) 100vw, 500px\" \/><\/a><\/p>\n<p>A sa\u00edda de Mandetta do Minist\u00e9rio da Sa\u00fade foi encarada como um enorme preju\u00edzo para o deputado federal Ant\u00f4nio Brito (PSD-BA), que mantinha estreita rela\u00e7\u00e3o pol\u00edtica e de amizade com o ex-ministro e conseguia verbas importantes para manter as a\u00e7\u00f5es das Santas Casas de Miseric\u00f3rdia, da Funda\u00e7\u00e3o Jos\u00e9 Silveira, da qual \u00e9 ligado, e das suas bases eleitorais em v\u00e1rios munic\u00edpios da Bahia, a exemplo de Itapetinga.<\/p>\n<p>Fontes ligadas a Brito revelaram que o <em>&#8220;deputado da sa\u00fade&#8221;<\/em> ficou desolado com a exonera\u00e7\u00e3o de Mandetta pelo presidente Bolsonaro, e que isso pode atrapalhar tamb\u00e9m os seus planos pol\u00edticos futuros.<\/p>\n<p><em>&#8220;Com Mandetta no Minist\u00e9rio da Sa\u00fade, as portas estavam sempre abertas para Brito, que mantinha com o ex-ministro uma grande amizade e respeito. Agora, com a troca de ministro, tudo fica incerto e isso pode afetar os projetos das Santas Casas de Miseric\u00f3rdia&#8221;<\/em>, disse a fonte.<\/p>\n<p>O deputado ainda n\u00e3o se pronunciou publicamente sobre a sa\u00edda de Mandetta do governo, e busca, a todo custo, uma aproxima\u00e7\u00e3o com o novo ministro, Nelson Teich, homem frio e pouco acess\u00edvel.<\/p>\n<p><strong><em>Por Davi Ferraz<\/em><\/strong><\/p>\n","protected":false},"excerpt":{"rendered":"<p>A sa\u00edda de Mandetta do Minist\u00e9rio da Sa\u00fade foi encarada como um enorme preju\u00edzo para o deputado federal Ant\u00f4nio Brito (PSD-BA), que mantinha estreita rela\u00e7\u00e3o pol\u00edtica e de amizade com o ex-ministro e conseguia verbas importantes para manter as a\u00e7\u00f5es das Santas Casas de Miseric\u00f3rdia, da Funda\u00e7\u00e3o Jos\u00e9 Silveira, da qual \u00e9 ligado, e das [&hellip;]<\/p>\n","protected":false},"author":2,"featured_media":86198,"comment_status":"open","ping_status":"open","sticky":false,"template":"","format":"standard","meta":{"footnotes":"","_links_to":"","_links_to_target":""},"categories":[1],"tags":[],"class_list":["post-86197","post","type-post","status-publish","format-standard","has-post-thumbnail","hentry","category-geral"],"views":1104,"_links":{"self":[{"href":"https:\/\/www.sudoestehoje.com.br\/novoportal\/wp-json\/wp\/v2\/posts\/86197","targetHints":{"allow":["GET"]}}],"collection":[{"href":"https:\/\/www.sudoestehoje.com.br\/novoportal\/wp-json\/wp\/v2\/posts"}],"about":[{"href":"https:\/\/www.sudoestehoje.com.br\/novoportal\/wp-json\/wp\/v2\/types\/post"}],"author":[{"embeddable":true,"href":"https:\/\/www.sudoestehoje.com.br\/novoportal\/wp-json\/wp\/v2\/users\/2"}],"replies":[{"embeddable":true,"href":"https:\/\/www.sudoestehoje.com.br\/novoportal\/wp-json\/wp\/v2\/comments?post=86197"}],"version-history":[{"count":7,"href":"https:\/\/www.sudoestehoje.com.br\/novoportal\/wp-json\/wp\/v2\/posts\/86197\/revisions"}],"predecessor-version":[{"id":86387,"href":"https:\/\/www.sudoestehoje.com.br\/novoportal\/wp-json\/wp\/v2\/posts\/86197\/revisions\/86387"}],"wp:featuredmedia":[{"embeddable":true,"href":"https:\/\/www.sudoestehoje.com.br\/novoportal\/wp-json\/wp\/v2\/media\/86198"}],"wp:attachment":[{"href":"https:\/\/www.sudoestehoje.com.br\/novoportal\/wp-json\/wp\/v2\/media?parent=86197"}],"wp:term":[{"taxonomy":"category","embeddable":true,"href":"https:\/\/www.sudoestehoje.com.br\/novoportal\/wp-json\/wp\/v2\/categories?post=86197"},{"taxonomy":"post_tag","embeddable":true,"href":"https:\/\/www.sudoestehoje.com.br\/novoportal\/wp-json\/wp\/v2\/tags?post=86197"}],"curies":[{"name":"wp","href":"https:\/\/api.w.org\/{rel}","templated":true}]}}