
{"id":86184,"date":"2020-04-18T13:37:10","date_gmt":"2020-04-18T16:37:10","guid":{"rendered":"https:\/\/www.sudoestehoje.com.br\/novoportal\/?p=86184"},"modified":"2020-04-18T13:37:10","modified_gmt":"2020-04-18T16:37:10","slug":"medico-itapetinguense-e-pre-candidato-a-prefeito-em-santo-antonio-de-jesus","status":"publish","type":"post","link":"https:\/\/www.sudoestehoje.com.br\/novoportal\/2020\/04\/18\/medico-itapetinguense-e-pre-candidato-a-prefeito-em-santo-antonio-de-jesus\/","title":{"rendered":"M\u00c9DICO ITAPETINGUENSE \u00c9 PR\u00c9-CANDIDATO A PREFEITO EM SANTO ANT\u00d4NIO DE JESUS"},"content":{"rendered":"<p><a href=\"https:\/\/www.sudoestehoje.com.br\/novoportal\/wp-content\/uploads\/2020\/04\/tian.jpg\"><img loading=\"lazy\" decoding=\"async\" class=\"aligncenter size-medium wp-image-86187\" src=\"https:\/\/www.sudoestehoje.com.br\/novoportal\/wp-content\/uploads\/2020\/04\/tian-500x405.jpg\" alt=\"\" width=\"500\" height=\"405\" srcset=\"https:\/\/www.sudoestehoje.com.br\/novoportal\/wp-content\/uploads\/2020\/04\/tian-500x405.jpg 500w, https:\/\/www.sudoestehoje.com.br\/novoportal\/wp-content\/uploads\/2020\/04\/tian-768x622.jpg 768w, https:\/\/www.sudoestehoje.com.br\/novoportal\/wp-content\/uploads\/2020\/04\/tian-700x567.jpg 700w, https:\/\/www.sudoestehoje.com.br\/novoportal\/wp-content\/uploads\/2020\/04\/tian.jpg 893w\" sizes=\"auto, (max-width: 500px) 100vw, 500px\" \/><\/a><\/p>\n<p>O m\u00e9dico Itapetinguense Dr. Chistian Ferraz, radicado na cidade de Santo Ant\u00f4nio de Jesus, no Rec\u00f4ncavo Baiano, \u00e9 um dos nomes fortes para concorrer ao cargo de prefeito da cidade, nas elei\u00e7\u00f5es de outubro.<\/p>\n<div class=\"materia-conteudo\">\n<div class=\"materia\">\n<div class=\"conteudo_post\">\n<p>A aposta \u00e9 do vice-governador da Bahia Jo\u00e3o Le\u00e3o (PP), que filiou m\u00e9dico ao seu partido, o PP, e garante que sua meta \u00e9 fazer do ginecologista Christian Ferraz o pr\u00f3ximo prefeito de Santo Ant\u00f4nio de Jesus.<\/p>\n<p>Em conversa com a imprensa<b>,<\/b>\u00a0neste s\u00e1bado (18), Le\u00e3o definiu o encontro do PP com o m\u00e9dico como \u201cjuntar a fome com a vontade de comer\u201d. A filia\u00e7\u00e3o do pr\u00e9-candidato ao partido ocorreu no dia 3 de abril.<\/p>\n<p><em>\u201cChristian \u00e9 uma figura maravilhosa. M\u00e9dico h\u00e1 30 anos que tem um trabalho excepcional, inclusive como s\u00f3cio do ex-prefeito Euvaldo Rosa. \u00c9 meu amigo de muitos anos, um \u00f3timo gestor\u201d<\/em>, afirmou o secretario estadual de Desenvolvimento Econ\u00f4mico.<\/p>\n<p><a href=\"https:\/\/www.sudoestehoje.com.br\/novoportal\/wp-content\/uploads\/2020\/04\/tian-e-Le\u00e3o.jpeg\"><img loading=\"lazy\" decoding=\"async\" class=\"aligncenter size-medium wp-image-86188\" src=\"https:\/\/www.sudoestehoje.com.br\/novoportal\/wp-content\/uploads\/2020\/04\/tian-e-Le\u00e3o-500x345.jpeg\" alt=\"\" width=\"500\" height=\"345\" srcset=\"https:\/\/www.sudoestehoje.com.br\/novoportal\/wp-content\/uploads\/2020\/04\/tian-e-Le\u00e3o-500x345.jpeg 500w, https:\/\/www.sudoestehoje.com.br\/novoportal\/wp-content\/uploads\/2020\/04\/tian-e-Le\u00e3o.jpeg 600w\" sizes=\"auto, (max-width: 500px) 100vw, 500px\" \/><\/a><\/p>\n<p>Eleito por tr\u00eas vezes consecutivas o deputado federal mais votado em Santo Ant\u00f4nio de Jesus, Le\u00e3o defende a uni\u00e3o da oposi\u00e7\u00e3o na cidade, a fim construir uma chapa forte e disputar o pleito contra o prefeito Rog\u00e9rio Andrade (PSD).<\/p>\n<p>As estrat\u00e9gias j\u00e1 est\u00e3o sendo tra\u00e7adas e, na sexta-feira (17), vice-governador e pr\u00e9-candidato se reuniram em Salvador.<\/p>\n<p><em>\u201cFoi um prazer receb\u00ea-lo em minha casa. Nosso objetivo \u00e9 fazer uma unidade das oposi\u00e7\u00f5es, uma jun\u00e7\u00e3o em torno desse candidato. Fazer com que tenhamos um candidato forte pelo partido. Estamos apostando em faz\u00ea-lo prefeito de Santo Ant\u00f4nio de Jesus\u201d<\/em>, declarou Jo\u00e3o Le\u00e3o.<\/p>\n<\/div>\n<\/div>\n<\/div>\n","protected":false},"excerpt":{"rendered":"<p>O m\u00e9dico Itapetinguense Dr. Chistian Ferraz, radicado na cidade de Santo Ant\u00f4nio de Jesus, no Rec\u00f4ncavo Baiano, \u00e9 um dos nomes fortes para concorrer ao cargo de prefeito da cidade, nas elei\u00e7\u00f5es de outubro. A aposta \u00e9 do vice-governador da Bahia Jo\u00e3o Le\u00e3o (PP), que filiou m\u00e9dico ao seu partido, o PP, e garante que [&hellip;]<\/p>\n","protected":false},"author":2,"featured_media":86187,"comment_status":"open","ping_status":"open","sticky":false,"template":"","format":"standard","meta":{"footnotes":"","_links_to":"","_links_to_target":""},"categories":[1],"tags":[],"class_list":["post-86184","post","type-post","status-publish","format-standard","has-post-thumbnail","hentry","category-geral"],"views":1306,"_links":{"self":[{"href":"https:\/\/www.sudoestehoje.com.br\/novoportal\/wp-json\/wp\/v2\/posts\/86184","targetHints":{"allow":["GET"]}}],"collection":[{"href":"https:\/\/www.sudoestehoje.com.br\/novoportal\/wp-json\/wp\/v2\/posts"}],"about":[{"href":"https:\/\/www.sudoestehoje.com.br\/novoportal\/wp-json\/wp\/v2\/types\/post"}],"author":[{"embeddable":true,"href":"https:\/\/www.sudoestehoje.com.br\/novoportal\/wp-json\/wp\/v2\/users\/2"}],"replies":[{"embeddable":true,"href":"https:\/\/www.sudoestehoje.com.br\/novoportal\/wp-json\/wp\/v2\/comments?post=86184"}],"version-history":[{"count":3,"href":"https:\/\/www.sudoestehoje.com.br\/novoportal\/wp-json\/wp\/v2\/posts\/86184\/revisions"}],"predecessor-version":[{"id":86189,"href":"https:\/\/www.sudoestehoje.com.br\/novoportal\/wp-json\/wp\/v2\/posts\/86184\/revisions\/86189"}],"wp:featuredmedia":[{"embeddable":true,"href":"https:\/\/www.sudoestehoje.com.br\/novoportal\/wp-json\/wp\/v2\/media\/86187"}],"wp:attachment":[{"href":"https:\/\/www.sudoestehoje.com.br\/novoportal\/wp-json\/wp\/v2\/media?parent=86184"}],"wp:term":[{"taxonomy":"category","embeddable":true,"href":"https:\/\/www.sudoestehoje.com.br\/novoportal\/wp-json\/wp\/v2\/categories?post=86184"},{"taxonomy":"post_tag","embeddable":true,"href":"https:\/\/www.sudoestehoje.com.br\/novoportal\/wp-json\/wp\/v2\/tags?post=86184"}],"curies":[{"name":"wp","href":"https:\/\/api.w.org\/{rel}","templated":true}]}}