
{"id":86177,"date":"2020-04-16T16:27:02","date_gmt":"2020-04-16T19:27:02","guid":{"rendered":"https:\/\/www.sudoestehoje.com.br\/novoportal\/?p=86177"},"modified":"2020-04-16T17:10:04","modified_gmt":"2020-04-16T20:10:04","slug":"mandetta-e-demitido-apos-semanas-de-conflito-com-bolsonaro","status":"publish","type":"post","link":"https:\/\/www.sudoestehoje.com.br\/novoportal\/2020\/04\/16\/mandetta-e-demitido-apos-semanas-de-conflito-com-bolsonaro\/","title":{"rendered":"MANDETTA \u00c9 DEMITIDO AP\u00d3S SEMANAS DE CONFLITOS COM BOLSONARO"},"content":{"rendered":"<p><a href=\"https:\/\/www.sudoestehoje.com.br\/novoportal\/wp-content\/uploads\/2020\/04\/DEMITIDO-MANDETTA.jpg\"><img loading=\"lazy\" decoding=\"async\" class=\"aligncenter size-medium wp-image-86178\" src=\"https:\/\/www.sudoestehoje.com.br\/novoportal\/wp-content\/uploads\/2020\/04\/DEMITIDO-MANDETTA-500x260.jpg\" alt=\"\" width=\"500\" height=\"260\" srcset=\"https:\/\/www.sudoestehoje.com.br\/novoportal\/wp-content\/uploads\/2020\/04\/DEMITIDO-MANDETTA-500x260.jpg 500w, https:\/\/www.sudoestehoje.com.br\/novoportal\/wp-content\/uploads\/2020\/04\/DEMITIDO-MANDETTA.jpg 540w\" sizes=\"auto, (max-width: 500px) 100vw, 500px\" \/><\/a><\/p>\n<p>Em meio \u00e0 pandemia do novo coronav\u00edrus no Brasil, que j\u00e1 causou quase 2.000 mortes e ainda n\u00e3o chegou ao pico de cont\u00e1gio, o presidente Jair Bolsonaro\u00a0<strong>demitiu<\/strong>\u00a0o ministro da Sa\u00fade,\u00a0<strong><a href=\"https:\/\/exame.abril.com.br\/noticias-sobre\/luiz-henrique-mandetta\/\">Luiz Henrique Mandetta<\/a><\/strong>. A decis\u00e3o foi confirmada por Mandetta no Twitter. A exonera\u00e7\u00e3o ainda n\u00e3o foi publicada no Di\u00e1rio Oficial.<\/p>\n<p><em>\u201cAcabo de ouvir do presidente Jair Bolsonaro o aviso da minha demiss\u00e3o do Minist\u00e9rio da Sa\u00fade. Quero agradecer a oportunidade que me foi dada, de ser gerente do nosso SUS, de p\u00f4r de p\u00e9 o projeto de melhoria da sa\u00fade dos brasileiros e de planejar o enfrentamento da pandemia do coronav\u00edrus, o grande desafio que o nosso sistema de sa\u00fade est\u00e1 por enfrentar\u201d<\/em>, escreveu Mandetta.<\/p>\n","protected":false},"excerpt":{"rendered":"<p>Em meio \u00e0 pandemia do novo coronav\u00edrus no Brasil, que j\u00e1 causou quase 2.000 mortes e ainda n\u00e3o chegou ao pico de cont\u00e1gio, o presidente Jair Bolsonaro\u00a0demitiu\u00a0o ministro da Sa\u00fade,\u00a0Luiz Henrique Mandetta. A decis\u00e3o foi confirmada por Mandetta no Twitter. A exonera\u00e7\u00e3o ainda n\u00e3o foi publicada no Di\u00e1rio Oficial. \u201cAcabo de ouvir do presidente Jair [&hellip;]<\/p>\n","protected":false},"author":2,"featured_media":86178,"comment_status":"open","ping_status":"open","sticky":false,"template":"","format":"standard","meta":{"footnotes":"","_links_to":"","_links_to_target":""},"categories":[1],"tags":[],"class_list":["post-86177","post","type-post","status-publish","format-standard","has-post-thumbnail","hentry","category-geral"],"views":1101,"_links":{"self":[{"href":"https:\/\/www.sudoestehoje.com.br\/novoportal\/wp-json\/wp\/v2\/posts\/86177","targetHints":{"allow":["GET"]}}],"collection":[{"href":"https:\/\/www.sudoestehoje.com.br\/novoportal\/wp-json\/wp\/v2\/posts"}],"about":[{"href":"https:\/\/www.sudoestehoje.com.br\/novoportal\/wp-json\/wp\/v2\/types\/post"}],"author":[{"embeddable":true,"href":"https:\/\/www.sudoestehoje.com.br\/novoportal\/wp-json\/wp\/v2\/users\/2"}],"replies":[{"embeddable":true,"href":"https:\/\/www.sudoestehoje.com.br\/novoportal\/wp-json\/wp\/v2\/comments?post=86177"}],"version-history":[{"count":2,"href":"https:\/\/www.sudoestehoje.com.br\/novoportal\/wp-json\/wp\/v2\/posts\/86177\/revisions"}],"predecessor-version":[{"id":86180,"href":"https:\/\/www.sudoestehoje.com.br\/novoportal\/wp-json\/wp\/v2\/posts\/86177\/revisions\/86180"}],"wp:featuredmedia":[{"embeddable":true,"href":"https:\/\/www.sudoestehoje.com.br\/novoportal\/wp-json\/wp\/v2\/media\/86178"}],"wp:attachment":[{"href":"https:\/\/www.sudoestehoje.com.br\/novoportal\/wp-json\/wp\/v2\/media?parent=86177"}],"wp:term":[{"taxonomy":"category","embeddable":true,"href":"https:\/\/www.sudoestehoje.com.br\/novoportal\/wp-json\/wp\/v2\/categories?post=86177"},{"taxonomy":"post_tag","embeddable":true,"href":"https:\/\/www.sudoestehoje.com.br\/novoportal\/wp-json\/wp\/v2\/tags?post=86177"}],"curies":[{"name":"wp","href":"https:\/\/api.w.org\/{rel}","templated":true}]}}