
{"id":86167,"date":"2020-04-15T22:54:33","date_gmt":"2020-04-16T01:54:33","guid":{"rendered":"https:\/\/www.sudoestehoje.com.br\/novoportal\/?p=86167"},"modified":"2020-04-15T23:00:04","modified_gmt":"2020-04-16T02:00:04","slug":"urgente-azaleia-demite-cerca-de-200-empregados-em-contratos-de-experiancia","status":"publish","type":"post","link":"https:\/\/www.sudoestehoje.com.br\/novoportal\/2020\/04\/15\/urgente-azaleia-demite-cerca-de-200-empregados-em-contratos-de-experiancia\/","title":{"rendered":"URGENTE! AZALEIA DEMITE CERCA DE 200 EMPREGADOS EM CONTRATOS DE EXPERI\u00caNCIA"},"content":{"rendered":"<p><a href=\"https:\/\/www.sudoestehoje.com.br\/novoportal\/wp-content\/uploads\/2020\/04\/azaleia-2.jpg\"><img loading=\"lazy\" decoding=\"async\" class=\"aligncenter size-medium wp-image-86168\" src=\"https:\/\/www.sudoestehoje.com.br\/novoportal\/wp-content\/uploads\/2020\/04\/azaleia-2-500x300.jpg\" alt=\"\" width=\"500\" height=\"300\" \/><\/a><\/p>\n<p>Alegando dificuldades no cumprimento das normas baixadas pelas autoridades, em decorr\u00eancia da pandemia de Coronav\u00edrus, a F\u00e1brica de Cal\u00e7ados Vulcabras\/Azaleia, localizada em Itapetinga, <strong>encerrou nesta quarta-feira (15), os CONTRATOS DE EXPERI\u00caNCIA <\/strong>de um grupo de colaboradores que esperam ser efetivados pela empresa.<\/p>\n<p>Segundo fonte sindical,<strong> o n\u00famero de demitidos \u00e9 de cerca de 200 contratados<\/strong>, que ingressaram na empresa no m\u00eas de mar\u00e7o passado.\u00a0As demiss\u00f5es est\u00e3o sendo<strong> comunicadas atrav\u00e9s de cartas<\/strong> enviadas aos empregados, que est\u00e3o em gozo de f\u00e9rias.<\/p>\n<p>Na manh\u00e3 da \u00faltima ter\u00e7a-feira (14), a Azaleia j\u00e1 havia prorrogado as f\u00e9rias coletivas de todos os seus colaboradores, at\u00e9 o dia 26 de abril, quando outras medidas dever\u00e3o ser anunciadas.<\/p>\n<p>Esperamos boas not\u00edcias.<\/p>\n<p><strong><em>Por Davi Ferraz<\/em><\/strong><\/p>\n","protected":false},"excerpt":{"rendered":"<p>Alegando dificuldades no cumprimento das normas baixadas pelas autoridades, em decorr\u00eancia da pandemia de Coronav\u00edrus, a F\u00e1brica de Cal\u00e7ados Vulcabras\/Azaleia, localizada em Itapetinga, encerrou nesta quarta-feira (15), os CONTRATOS DE EXPERI\u00caNCIA de um grupo de colaboradores que esperam ser efetivados pela empresa. Segundo fonte sindical, o n\u00famero de demitidos \u00e9 de cerca de 200 contratados, [&hellip;]<\/p>\n","protected":false},"author":2,"featured_media":86168,"comment_status":"open","ping_status":"open","sticky":false,"template":"","format":"standard","meta":{"footnotes":"","_links_to":"","_links_to_target":""},"categories":[1],"tags":[],"class_list":["post-86167","post","type-post","status-publish","format-standard","has-post-thumbnail","hentry","category-geral"],"views":1020,"_links":{"self":[{"href":"https:\/\/www.sudoestehoje.com.br\/novoportal\/wp-json\/wp\/v2\/posts\/86167","targetHints":{"allow":["GET"]}}],"collection":[{"href":"https:\/\/www.sudoestehoje.com.br\/novoportal\/wp-json\/wp\/v2\/posts"}],"about":[{"href":"https:\/\/www.sudoestehoje.com.br\/novoportal\/wp-json\/wp\/v2\/types\/post"}],"author":[{"embeddable":true,"href":"https:\/\/www.sudoestehoje.com.br\/novoportal\/wp-json\/wp\/v2\/users\/2"}],"replies":[{"embeddable":true,"href":"https:\/\/www.sudoestehoje.com.br\/novoportal\/wp-json\/wp\/v2\/comments?post=86167"}],"version-history":[{"count":3,"href":"https:\/\/www.sudoestehoje.com.br\/novoportal\/wp-json\/wp\/v2\/posts\/86167\/revisions"}],"predecessor-version":[{"id":86171,"href":"https:\/\/www.sudoestehoje.com.br\/novoportal\/wp-json\/wp\/v2\/posts\/86167\/revisions\/86171"}],"wp:featuredmedia":[{"embeddable":true,"href":"https:\/\/www.sudoestehoje.com.br\/novoportal\/wp-json\/wp\/v2\/media\/86168"}],"wp:attachment":[{"href":"https:\/\/www.sudoestehoje.com.br\/novoportal\/wp-json\/wp\/v2\/media?parent=86167"}],"wp:term":[{"taxonomy":"category","embeddable":true,"href":"https:\/\/www.sudoestehoje.com.br\/novoportal\/wp-json\/wp\/v2\/categories?post=86167"},{"taxonomy":"post_tag","embeddable":true,"href":"https:\/\/www.sudoestehoje.com.br\/novoportal\/wp-json\/wp\/v2\/tags?post=86167"}],"curies":[{"name":"wp","href":"https:\/\/api.w.org\/{rel}","templated":true}]}}