
{"id":86164,"date":"2020-04-15T22:07:52","date_gmt":"2020-04-16T01:07:52","guid":{"rendered":"https:\/\/www.sudoestehoje.com.br\/novoportal\/?p=86164"},"modified":"2020-04-15T22:07:52","modified_gmt":"2020-04-16T01:07:52","slug":"equipe-se-prepara-para-deixar-o-ministerio-da-saude-junto-com-mandetta","status":"publish","type":"post","link":"https:\/\/www.sudoestehoje.com.br\/novoportal\/2020\/04\/15\/equipe-se-prepara-para-deixar-o-ministerio-da-saude-junto-com-mandetta\/","title":{"rendered":"EQUIPE SE PREPARA PARA DEIXAR O MINIST\u00c9RIO DA SA\u00daDE JUNTO COM MANDETTA"},"content":{"rendered":"<p><a href=\"https:\/\/www.sudoestehoje.com.br\/novoportal\/wp-content\/uploads\/2020\/04\/MANDETTA-APLAUDIDO.jpg\"><img loading=\"lazy\" decoding=\"async\" class=\"aligncenter size-medium wp-image-86165\" src=\"https:\/\/www.sudoestehoje.com.br\/novoportal\/wp-content\/uploads\/2020\/04\/MANDETTA-APLAUDIDO-500x340.jpg\" alt=\"\" width=\"500\" height=\"340\" srcset=\"https:\/\/www.sudoestehoje.com.br\/novoportal\/wp-content\/uploads\/2020\/04\/MANDETTA-APLAUDIDO-500x340.jpg 500w, https:\/\/www.sudoestehoje.com.br\/novoportal\/wp-content\/uploads\/2020\/04\/MANDETTA-APLAUDIDO-768x522.jpg 768w, https:\/\/www.sudoestehoje.com.br\/novoportal\/wp-content\/uploads\/2020\/04\/MANDETTA-APLAUDIDO-700x476.jpg 700w, https:\/\/www.sudoestehoje.com.br\/novoportal\/wp-content\/uploads\/2020\/04\/MANDETTA-APLAUDIDO.jpg 940w\" sizes=\"auto, (max-width: 500px) 100vw, 500px\" \/><\/a><\/p>\n<p>A equipe do ministro<strong>\u00a0Luiz Henrique Mandetta\u00a0<\/strong>no Minist\u00e9rio da Sa\u00fade j\u00e1 se prepara para deixar a pasta junto com ele e, dos sete secret\u00e1rios que formam hoje a c\u00fapula do \u00f3rg\u00e3o, cinco devem sair assim que a demiss\u00e3o de Mandetta for formalizada, disseram \u00e0\u00a0<em>Reuters<\/em>\u00a0fontes que acompanham o processo.<\/p>\n<p>De acordo com uma das fontes, saem com o ministro o secret\u00e1rio-executivo, Jo\u00e3o Gabbardo, que toca o dia a dia operacional do minist\u00e9rio e a organiza\u00e7\u00e3o do esfor\u00e7o para combate ao coronav\u00edrus, o secret\u00e1rio de Vigil\u00e2ncia em Sa\u00fade, Wanderson de Oliveira, respons\u00e1vel pelas a\u00e7\u00f5es de controle da epidemia, o secret\u00e1rio de Ci\u00eancia, Tecnologia e Insumos Estrat\u00e9gicos em Sa\u00fade, Denizar Vianna, respons\u00e1vel por autorizar e organizar as pesquisas, protocolos e testes de medicamentos contra a\u00a0<strong>Covid-19<\/strong>.<\/p>\n<p class=\"text\">Tamb\u00e9m devem deixar os cargos o secret\u00e1rio de Aten\u00e7\u00e3o Prim\u00e1ria \u00e0 Sa\u00fade, Erno Harzheim, e o secret\u00e1rio de Aten\u00e7\u00e3o Especializada em Sa\u00fade, Francisco de Assis Figueiredo.<\/p>\n<p class=\"text\">Os dois auxiliares que ficam, das \u00e1reas de gest\u00e3o do trabalho em sa\u00fade e de Sa\u00fade Ind\u00edgena, n\u00e3o foram indicados por Mandetta e s\u00e3o ligados diretamente ao governo do presidente\u00a0<strong>Jair Bolsonaro<\/strong>.<\/p>\n","protected":false},"excerpt":{"rendered":"<p>A equipe do ministro\u00a0Luiz Henrique Mandetta\u00a0no Minist\u00e9rio da Sa\u00fade j\u00e1 se prepara para deixar a pasta junto com ele e, dos sete secret\u00e1rios que formam hoje a c\u00fapula do \u00f3rg\u00e3o, cinco devem sair assim que a demiss\u00e3o de Mandetta for formalizada, disseram \u00e0\u00a0Reuters\u00a0fontes que acompanham o processo. De acordo com uma das fontes, saem com [&hellip;]<\/p>\n","protected":false},"author":2,"featured_media":86165,"comment_status":"open","ping_status":"open","sticky":false,"template":"","format":"standard","meta":{"footnotes":"","_links_to":"","_links_to_target":""},"categories":[1],"tags":[],"class_list":["post-86164","post","type-post","status-publish","format-standard","has-post-thumbnail","hentry","category-geral"],"views":847,"_links":{"self":[{"href":"https:\/\/www.sudoestehoje.com.br\/novoportal\/wp-json\/wp\/v2\/posts\/86164","targetHints":{"allow":["GET"]}}],"collection":[{"href":"https:\/\/www.sudoestehoje.com.br\/novoportal\/wp-json\/wp\/v2\/posts"}],"about":[{"href":"https:\/\/www.sudoestehoje.com.br\/novoportal\/wp-json\/wp\/v2\/types\/post"}],"author":[{"embeddable":true,"href":"https:\/\/www.sudoestehoje.com.br\/novoportal\/wp-json\/wp\/v2\/users\/2"}],"replies":[{"embeddable":true,"href":"https:\/\/www.sudoestehoje.com.br\/novoportal\/wp-json\/wp\/v2\/comments?post=86164"}],"version-history":[{"count":1,"href":"https:\/\/www.sudoestehoje.com.br\/novoportal\/wp-json\/wp\/v2\/posts\/86164\/revisions"}],"predecessor-version":[{"id":86166,"href":"https:\/\/www.sudoestehoje.com.br\/novoportal\/wp-json\/wp\/v2\/posts\/86164\/revisions\/86166"}],"wp:featuredmedia":[{"embeddable":true,"href":"https:\/\/www.sudoestehoje.com.br\/novoportal\/wp-json\/wp\/v2\/media\/86165"}],"wp:attachment":[{"href":"https:\/\/www.sudoestehoje.com.br\/novoportal\/wp-json\/wp\/v2\/media?parent=86164"}],"wp:term":[{"taxonomy":"category","embeddable":true,"href":"https:\/\/www.sudoestehoje.com.br\/novoportal\/wp-json\/wp\/v2\/categories?post=86164"},{"taxonomy":"post_tag","embeddable":true,"href":"https:\/\/www.sudoestehoje.com.br\/novoportal\/wp-json\/wp\/v2\/tags?post=86164"}],"curies":[{"name":"wp","href":"https:\/\/api.w.org\/{rel}","templated":true}]}}