
{"id":86157,"date":"2020-04-15T11:55:18","date_gmt":"2020-04-15T14:55:18","guid":{"rendered":"https:\/\/www.sudoestehoje.com.br\/novoportal\/?p=86157"},"modified":"2020-04-15T11:55:18","modified_gmt":"2020-04-15T14:55:18","slug":"suspensao-de-aulas-na-bahia-e-prorrogada-ate-o-dia-3-de-maio","status":"publish","type":"post","link":"https:\/\/www.sudoestehoje.com.br\/novoportal\/2020\/04\/15\/suspensao-de-aulas-na-bahia-e-prorrogada-ate-o-dia-3-de-maio\/","title":{"rendered":"SUSPENS\u00c3O DE AULAS NA BAHIA \u00c9 PRORROGADA AT\u00c9 O DIA 3 DE MAIO"},"content":{"rendered":"<p><a href=\"https:\/\/www.sudoestehoje.com.br\/novoportal\/wp-content\/uploads\/2020\/04\/ESCOLAS-VAZIAS-BAHIA.jpg\"><img loading=\"lazy\" decoding=\"async\" class=\"aligncenter size-medium wp-image-86159\" src=\"https:\/\/www.sudoestehoje.com.br\/novoportal\/wp-content\/uploads\/2020\/04\/ESCOLAS-VAZIAS-BAHIA-500x375.jpg\" alt=\"\" width=\"500\" height=\"375\" srcset=\"https:\/\/www.sudoestehoje.com.br\/novoportal\/wp-content\/uploads\/2020\/04\/ESCOLAS-VAZIAS-BAHIA-500x375.jpg 500w, https:\/\/www.sudoestehoje.com.br\/novoportal\/wp-content\/uploads\/2020\/04\/ESCOLAS-VAZIAS-BAHIA.jpg 600w\" sizes=\"auto, (max-width: 500px) 100vw, 500px\" \/><\/a><\/p>\n<p>As institui\u00e7\u00f5es de ensino das redes p\u00fablica estadual e privada da Bahia seguir\u00e3o fechadas at\u00e9 o dia 3 de maio.<\/p>\n<p>O decreto que prorroga a suspens\u00e3o das aulas por mais 18 dias foi publicado na edi\u00e7\u00e3o do Di\u00e1rio Oficial do Estado desta quarta-feira (15).<\/p>\n<p>A medida foi adotada para retardar a propaga\u00e7\u00e3o do coronav\u00edrus no territ\u00f3rio baiano.<\/p>\n","protected":false},"excerpt":{"rendered":"<p>As institui\u00e7\u00f5es de ensino das redes p\u00fablica estadual e privada da Bahia seguir\u00e3o fechadas at\u00e9 o dia 3 de maio. O decreto que prorroga a suspens\u00e3o das aulas por mais 18 dias foi publicado na edi\u00e7\u00e3o do Di\u00e1rio Oficial do Estado desta quarta-feira (15). A medida foi adotada para retardar a propaga\u00e7\u00e3o do coronav\u00edrus no [&hellip;]<\/p>\n","protected":false},"author":2,"featured_media":86159,"comment_status":"open","ping_status":"open","sticky":false,"template":"","format":"standard","meta":{"footnotes":"","_links_to":"","_links_to_target":""},"categories":[1],"tags":[],"class_list":["post-86157","post","type-post","status-publish","format-standard","has-post-thumbnail","hentry","category-geral"],"views":809,"_links":{"self":[{"href":"https:\/\/www.sudoestehoje.com.br\/novoportal\/wp-json\/wp\/v2\/posts\/86157","targetHints":{"allow":["GET"]}}],"collection":[{"href":"https:\/\/www.sudoestehoje.com.br\/novoportal\/wp-json\/wp\/v2\/posts"}],"about":[{"href":"https:\/\/www.sudoestehoje.com.br\/novoportal\/wp-json\/wp\/v2\/types\/post"}],"author":[{"embeddable":true,"href":"https:\/\/www.sudoestehoje.com.br\/novoportal\/wp-json\/wp\/v2\/users\/2"}],"replies":[{"embeddable":true,"href":"https:\/\/www.sudoestehoje.com.br\/novoportal\/wp-json\/wp\/v2\/comments?post=86157"}],"version-history":[{"count":2,"href":"https:\/\/www.sudoestehoje.com.br\/novoportal\/wp-json\/wp\/v2\/posts\/86157\/revisions"}],"predecessor-version":[{"id":86160,"href":"https:\/\/www.sudoestehoje.com.br\/novoportal\/wp-json\/wp\/v2\/posts\/86157\/revisions\/86160"}],"wp:featuredmedia":[{"embeddable":true,"href":"https:\/\/www.sudoestehoje.com.br\/novoportal\/wp-json\/wp\/v2\/media\/86159"}],"wp:attachment":[{"href":"https:\/\/www.sudoestehoje.com.br\/novoportal\/wp-json\/wp\/v2\/media?parent=86157"}],"wp:term":[{"taxonomy":"category","embeddable":true,"href":"https:\/\/www.sudoestehoje.com.br\/novoportal\/wp-json\/wp\/v2\/categories?post=86157"},{"taxonomy":"post_tag","embeddable":true,"href":"https:\/\/www.sudoestehoje.com.br\/novoportal\/wp-json\/wp\/v2\/tags?post=86157"}],"curies":[{"name":"wp","href":"https:\/\/api.w.org\/{rel}","templated":true}]}}