
{"id":86152,"date":"2020-04-14T11:48:45","date_gmt":"2020-04-14T14:48:45","guid":{"rendered":"https:\/\/www.sudoestehoje.com.br\/novoportal\/?p=86152"},"modified":"2020-04-14T11:48:45","modified_gmt":"2020-04-14T14:48:45","slug":"alba-vota-hoje-projeto-que-concede-auxilio-a-estudantes-da-rede-estadual-que-recebiam-merenda-escolar","status":"publish","type":"post","link":"https:\/\/www.sudoestehoje.com.br\/novoportal\/2020\/04\/14\/alba-vota-hoje-projeto-que-concede-auxilio-a-estudantes-da-rede-estadual-que-recebiam-merenda-escolar\/","title":{"rendered":"ALBA VOTA HOJE PROJETO QUE CONCEDE AUXILIO A ESTUDANTES DA REDE ESTADUAL QUE RECEBIAM MERENDA ESCOLAR"},"content":{"rendered":"<p><a href=\"https:\/\/www.sudoestehoje.com.br\/novoportal\/wp-content\/uploads\/2020\/04\/alba_041b931035.jpg\"><img loading=\"lazy\" decoding=\"async\" class=\"aligncenter size-medium wp-image-86155\" src=\"https:\/\/www.sudoestehoje.com.br\/novoportal\/wp-content\/uploads\/2020\/04\/alba_041b931035-500x334.jpg\" alt=\"\" width=\"500\" height=\"334\" srcset=\"https:\/\/www.sudoestehoje.com.br\/novoportal\/wp-content\/uploads\/2020\/04\/alba_041b931035-500x334.jpg 500w, https:\/\/www.sudoestehoje.com.br\/novoportal\/wp-content\/uploads\/2020\/04\/alba_041b931035-768x512.jpg 768w, https:\/\/www.sudoestehoje.com.br\/novoportal\/wp-content\/uploads\/2020\/04\/alba_041b931035-700x467.jpg 700w, https:\/\/www.sudoestehoje.com.br\/novoportal\/wp-content\/uploads\/2020\/04\/alba_041b931035.jpg 940w\" sizes=\"auto, (max-width: 500px) 100vw, 500px\" \/><\/a><\/p>\n<p>Assembleia Legislativa volta a se reunir extraordinariamente \u2013 de forma virtual \u2013 nesta quarta-feira (14), a partir das 14h29, para votar o projeto de lei que beneficia cerca de 800 mil estudantes de escolas p\u00fablicas estaduais <strong>com fam\u00edlias cadastradas no programa Bolsa Fam\u00edlia.<\/strong><\/p>\n<p>Esse grupo carente receber\u00e1 aux\u00edlio em dinheiro, para compensar a suspens\u00e3o da merenda escolar enquanto durar a quarentena atrav\u00e9s desse projeto, o Vale Alimenta\u00e7\u00e3o Estudantil. O custo estimado para os cofres p\u00fablicos \u00e9 de R$44 milh\u00f5es.<\/p>\n<p>O presidente Nelson Leal destacou a rapidez que marca as vota\u00e7\u00f5es de mat\u00e9rias relacionadas com o combate ao Covid-19, que \u00e9 in\u00e9dita: <em>\u201cEsse projeto ser\u00e1 votado em menos de 24 horas ap\u00f3s a sua chegada ao parlamento. \u00c9 um fato \u00fanico que demonstra a maturidade do conjunto dos deputados estaduais, que colocou em plano secund\u00e1rio quest\u00f5es partid\u00e1rias ou ideol\u00f3gicas\u201d<\/em>.<\/p>\n","protected":false},"excerpt":{"rendered":"<p>Assembleia Legislativa volta a se reunir extraordinariamente \u2013 de forma virtual \u2013 nesta quarta-feira (14), a partir das 14h29, para votar o projeto de lei que beneficia cerca de 800 mil estudantes de escolas p\u00fablicas estaduais com fam\u00edlias cadastradas no programa Bolsa Fam\u00edlia. Esse grupo carente receber\u00e1 aux\u00edlio em dinheiro, para compensar a suspens\u00e3o da [&hellip;]<\/p>\n","protected":false},"author":2,"featured_media":86155,"comment_status":"open","ping_status":"open","sticky":false,"template":"","format":"standard","meta":{"footnotes":"","_links_to":"","_links_to_target":""},"categories":[1],"tags":[],"class_list":["post-86152","post","type-post","status-publish","format-standard","has-post-thumbnail","hentry","category-geral"],"views":793,"_links":{"self":[{"href":"https:\/\/www.sudoestehoje.com.br\/novoportal\/wp-json\/wp\/v2\/posts\/86152","targetHints":{"allow":["GET"]}}],"collection":[{"href":"https:\/\/www.sudoestehoje.com.br\/novoportal\/wp-json\/wp\/v2\/posts"}],"about":[{"href":"https:\/\/www.sudoestehoje.com.br\/novoportal\/wp-json\/wp\/v2\/types\/post"}],"author":[{"embeddable":true,"href":"https:\/\/www.sudoestehoje.com.br\/novoportal\/wp-json\/wp\/v2\/users\/2"}],"replies":[{"embeddable":true,"href":"https:\/\/www.sudoestehoje.com.br\/novoportal\/wp-json\/wp\/v2\/comments?post=86152"}],"version-history":[{"count":2,"href":"https:\/\/www.sudoestehoje.com.br\/novoportal\/wp-json\/wp\/v2\/posts\/86152\/revisions"}],"predecessor-version":[{"id":86156,"href":"https:\/\/www.sudoestehoje.com.br\/novoportal\/wp-json\/wp\/v2\/posts\/86152\/revisions\/86156"}],"wp:featuredmedia":[{"embeddable":true,"href":"https:\/\/www.sudoestehoje.com.br\/novoportal\/wp-json\/wp\/v2\/media\/86155"}],"wp:attachment":[{"href":"https:\/\/www.sudoestehoje.com.br\/novoportal\/wp-json\/wp\/v2\/media?parent=86152"}],"wp:term":[{"taxonomy":"category","embeddable":true,"href":"https:\/\/www.sudoestehoje.com.br\/novoportal\/wp-json\/wp\/v2\/categories?post=86152"},{"taxonomy":"post_tag","embeddable":true,"href":"https:\/\/www.sudoestehoje.com.br\/novoportal\/wp-json\/wp\/v2\/tags?post=86152"}],"curies":[{"name":"wp","href":"https:\/\/api.w.org\/{rel}","templated":true}]}}