
{"id":86146,"date":"2020-04-14T10:55:40","date_gmt":"2020-04-14T13:55:40","guid":{"rendered":"https:\/\/www.sudoestehoje.com.br\/novoportal\/?p=86146"},"modified":"2020-04-14T11:05:43","modified_gmt":"2020-04-14T14:05:43","slug":"vulcabras-mantem-paralisacao-com-ferias-coletivas-ate-26-de-abril-2","status":"publish","type":"post","link":"https:\/\/www.sudoestehoje.com.br\/novoportal\/2020\/04\/14\/vulcabras-mantem-paralisacao-com-ferias-coletivas-ate-26-de-abril-2\/","title":{"rendered":"ITAPETINGA: AZALEIA CONFIRMA F\u00c9RIAS COLETIVAS AT\u00c9 16 DE ABRIL; BLOG ANTECIPOU"},"content":{"rendered":"<p><a href=\"https:\/\/www.sudoestehoje.com.br\/novoportal\/wp-content\/uploads\/2020\/04\/azaleia-ferias-1.jpg\"><img loading=\"lazy\" decoding=\"async\" class=\"aligncenter size-medium wp-image-86147\" src=\"https:\/\/www.sudoestehoje.com.br\/novoportal\/wp-content\/uploads\/2020\/04\/azaleia-ferias-1-500x500.jpg\" alt=\"\" width=\"500\" height=\"500\" srcset=\"https:\/\/www.sudoestehoje.com.br\/novoportal\/wp-content\/uploads\/2020\/04\/azaleia-ferias-1-500x500.jpg 500w, https:\/\/www.sudoestehoje.com.br\/novoportal\/wp-content\/uploads\/2020\/04\/azaleia-ferias-1-150x150.jpg 150w, https:\/\/www.sudoestehoje.com.br\/novoportal\/wp-content\/uploads\/2020\/04\/azaleia-ferias-1-768x768.jpg 768w, https:\/\/www.sudoestehoje.com.br\/novoportal\/wp-content\/uploads\/2020\/04\/azaleia-ferias-1-700x700.jpg 700w, https:\/\/www.sudoestehoje.com.br\/novoportal\/wp-content\/uploads\/2020\/04\/azaleia-ferias-1.jpg 1081w\" sizes=\"auto, (max-width: 500px) 100vw, 500px\" \/><\/a><\/p>\n<p>Na manh\u00e3 desta ter\u00e7a-feira (14), a Vulcabras\/Azaleia confirmou o que foi noticiado ontem pelo Sudoeste Hoje, em primeira m\u00e3o (\u00a0<a href=\"https:\/\/www.sudoestehoje.com.br\/novoportal\/2020\/04\/13\/vulcabras-mantem-paralisacao-de-atividades-com-ferias-coletivas-ate-26-de-abril\/\">RELEMBRE AQUI<\/a>\u00a0), a extens\u00e3o das <strong>f\u00e9rias coletivas, at\u00e9 o dia 26 de abril<\/strong>, para todos os empregados na sua planta em Itapetinga.<\/p>\n<p>De acordo com informa\u00e7\u00f5es colhidas pelo Sudoeste Hoje, o Conselho Administrativo da Vulcabras, em S\u00e3o Paulo, ainda estuda quais medidas adotar ap\u00f3s o per\u00edodo de f\u00e9rias dos seus colaboradores, caso persista a pandemia de Coronav\u00edrus no pa\u00eds.<\/p>\n<p>\u00c9 aguardar e torcer para que os empregos sejam mantidos em todas as unidades da empresa, principalmente em Itapetinga.<\/p>\n<p><strong><em>Por Davi Ferraz<\/em><\/strong><\/p>\n","protected":false},"excerpt":{"rendered":"<p>Na manh\u00e3 desta ter\u00e7a-feira (14), a Vulcabras\/Azaleia confirmou o que foi noticiado ontem pelo Sudoeste Hoje, em primeira m\u00e3o (\u00a0RELEMBRE AQUI\u00a0), a extens\u00e3o das f\u00e9rias coletivas, at\u00e9 o dia 26 de abril, para todos os empregados na sua planta em Itapetinga. De acordo com informa\u00e7\u00f5es colhidas pelo Sudoeste Hoje, o Conselho Administrativo da Vulcabras, em [&hellip;]<\/p>\n","protected":false},"author":2,"featured_media":86147,"comment_status":"open","ping_status":"open","sticky":false,"template":"","format":"standard","meta":{"footnotes":"","_links_to":"","_links_to_target":""},"categories":[1],"tags":[],"class_list":["post-86146","post","type-post","status-publish","format-standard","has-post-thumbnail","hentry","category-geral"],"views":1096,"_links":{"self":[{"href":"https:\/\/www.sudoestehoje.com.br\/novoportal\/wp-json\/wp\/v2\/posts\/86146","targetHints":{"allow":["GET"]}}],"collection":[{"href":"https:\/\/www.sudoestehoje.com.br\/novoportal\/wp-json\/wp\/v2\/posts"}],"about":[{"href":"https:\/\/www.sudoestehoje.com.br\/novoportal\/wp-json\/wp\/v2\/types\/post"}],"author":[{"embeddable":true,"href":"https:\/\/www.sudoestehoje.com.br\/novoportal\/wp-json\/wp\/v2\/users\/2"}],"replies":[{"embeddable":true,"href":"https:\/\/www.sudoestehoje.com.br\/novoportal\/wp-json\/wp\/v2\/comments?post=86146"}],"version-history":[{"count":4,"href":"https:\/\/www.sudoestehoje.com.br\/novoportal\/wp-json\/wp\/v2\/posts\/86146\/revisions"}],"predecessor-version":[{"id":86151,"href":"https:\/\/www.sudoestehoje.com.br\/novoportal\/wp-json\/wp\/v2\/posts\/86146\/revisions\/86151"}],"wp:featuredmedia":[{"embeddable":true,"href":"https:\/\/www.sudoestehoje.com.br\/novoportal\/wp-json\/wp\/v2\/media\/86147"}],"wp:attachment":[{"href":"https:\/\/www.sudoestehoje.com.br\/novoportal\/wp-json\/wp\/v2\/media?parent=86146"}],"wp:term":[{"taxonomy":"category","embeddable":true,"href":"https:\/\/www.sudoestehoje.com.br\/novoportal\/wp-json\/wp\/v2\/categories?post=86146"},{"taxonomy":"post_tag","embeddable":true,"href":"https:\/\/www.sudoestehoje.com.br\/novoportal\/wp-json\/wp\/v2\/tags?post=86146"}],"curies":[{"name":"wp","href":"https:\/\/api.w.org\/{rel}","templated":true}]}}