
{"id":86136,"date":"2020-04-14T09:18:08","date_gmt":"2020-04-14T12:18:08","guid":{"rendered":"https:\/\/www.sudoestehoje.com.br\/novoportal\/?p=86136"},"modified":"2020-04-14T09:18:08","modified_gmt":"2020-04-14T12:18:08","slug":"itapetinga-camara-de-vereadores-retorna-aos-trabalhos-nesta-quarta-com-sessao-digital","status":"publish","type":"post","link":"https:\/\/www.sudoestehoje.com.br\/novoportal\/2020\/04\/14\/itapetinga-camara-de-vereadores-retorna-aos-trabalhos-nesta-quarta-com-sessao-digital\/","title":{"rendered":"ITAPETINGA: C\u00c2MARA DE VEREADORES RETORNA AOS TRABALHOS NESTA QUARTA COM SESS\u00c3O DIGITAL"},"content":{"rendered":"<p><a href=\"https:\/\/www.sudoestehoje.com.br\/novoportal\/wp-content\/uploads\/2020\/04\/CAMARA-1.jpg\"><img loading=\"lazy\" decoding=\"async\" class=\"aligncenter size-full wp-image-86138\" src=\"https:\/\/www.sudoestehoje.com.br\/novoportal\/wp-content\/uploads\/2020\/04\/CAMARA-1.jpg\" alt=\"\" width=\"448\" height=\"264\" \/><\/a><\/p>\n<p>A C\u00e2mara Municipal de Itapetinga vai retomar a realiza\u00e7\u00e3o de sess\u00f5es nesta quarta-feira (15), \u00e0s 9h30, por meio de uma plataforma digital que permite a realiza\u00e7\u00e3o de reuni\u00f5es online. As sess\u00f5es estavam suspensas desde o dia 23 de mar\u00e7o por conta da pandemia do coronav\u00edrus e retornam, por enquanto, sem a presen\u00e7a f\u00edsica dos vereadores para evitar o cont\u00e1gio e a propaga\u00e7\u00e3o da doen\u00e7a.<\/p>\n<p>Nesta primeira sess\u00e3o virtual, os vereadores v\u00e3o apreciar o Projeto de Resolu\u00e7\u00e3o N\u00ba 001\/20, de autoria da Mesa Diretora, que institui ritos de procedimentos para realiza\u00e7\u00e3o de sess\u00f5es ordin\u00e1rias e extraordin\u00e1rias, na modalidade remota, no \u00e2mbito da C\u00e2mara Municipal de Itapetinga, como solu\u00e7\u00e3o a ser utilizada durante a emerg\u00eancia de sa\u00fade p\u00fablica relacionada \u00e0 pandemia de Covid-19.<\/p>\n<p>Diversas casas legislativas est\u00e3o adotando o uso de plataforma digital para dar continuidade aos trabalhos nesta fase de pico da evolu\u00e7\u00e3o da epidemia no Brasil. S\u00e3o exemplos o Senado Federal, a C\u00e2mara dos Deputados, Assembleias Legislativas e C\u00e2maras Municipais de todo o pa\u00eds.<\/p>\n<p>A sess\u00e3o desta quarta-feira ser\u00e1 transmitida, ao vivo, pela Fascina\u00e7\u00e3o AM 1080 kHz. A grava\u00e7\u00e3o em v\u00eddeo ser\u00e1 disponibilizada posteriormente nos canais oficiais da C\u00e2mara na internet:<\/p>\n<p><a href=\"https:\/\/www.itapetinga.ba.leg.br\/site\/\">itapetinga.ba.leg.br<\/a>,\u00a0<a href=\"https:\/\/www.facebook.com\/camaraitapetinga\">facebook.com\/camaraitapetinga<\/a><\/p>\n<p><a href=\"https:\/\/www.youtube.com\/channel\/UCtVOwGrXys_RXSKvqPDvsiA\">https:\/\/www.youtube.com\/channel\/UCtVOwGrXys_RXSKvqPDvsiA<\/a>.<\/p>\n<div class=\"addtoany_share_save_container addtoany_content addtoany_content_bottom\">\n<div class=\"a2a_kit a2a_kit_size_32 addtoany_list\" data-a2a-url=\"https:\/\/www.itapetinga.ba.leg.br\/site\/2020\/04\/13\/camara-vai-realizar-sessao-virtual-nesta-quarta-feira-15\/\" data-a2a-title=\"C\u00e2mara vai realizar sess\u00e3o virtual nesta quarta-feira (15)\"><a class=\"a2a_button_facebook\" title=\"Facebook\" href=\"https:\/\/www.itapetinga.ba.leg.br\/#facebook\" target=\"_blank\" rel=\"nofollow noopener noreferrer\"><span class=\"a2a_label\">Facebook<\/span><\/a><a class=\"a2a_button_twitter\" title=\"Twitter\" href=\"https:\/\/www.itapetinga.ba.leg.br\/#twitter\" target=\"_blank\" rel=\"nofollow noopener noreferrer\"><span class=\"a2a_label\">Twitter<\/span><\/a><a class=\"a2a_button_email\" title=\"Email\" href=\"https:\/\/www.itapetinga.ba.leg.br\/#email\" target=\"_blank\" rel=\"nofollow noopener noreferrer\"><span class=\"a2a_label\">Email<\/span><\/a><a class=\"a2a_button_whatsapp\" title=\"WhatsApp\" href=\"https:\/\/www.itapetinga.ba.leg.br\/#whatsapp\" target=\"_blank\" rel=\"nofollow noopener noreferrer\"><span class=\"a2a_label\">WhatsApp<\/span><\/a><\/div>\n<\/div>\n","protected":false},"excerpt":{"rendered":"<p>A C\u00e2mara Municipal de Itapetinga vai retomar a realiza\u00e7\u00e3o de sess\u00f5es nesta quarta-feira (15), \u00e0s 9h30, por meio de uma plataforma digital que permite a realiza\u00e7\u00e3o de reuni\u00f5es online. As sess\u00f5es estavam suspensas desde o dia 23 de mar\u00e7o por conta da pandemia do coronav\u00edrus e retornam, por enquanto, sem a presen\u00e7a f\u00edsica dos vereadores [&hellip;]<\/p>\n","protected":false},"author":2,"featured_media":86138,"comment_status":"open","ping_status":"open","sticky":false,"template":"","format":"standard","meta":{"footnotes":"","_links_to":"","_links_to_target":""},"categories":[1],"tags":[],"class_list":["post-86136","post","type-post","status-publish","format-standard","has-post-thumbnail","hentry","category-geral"],"views":1003,"_links":{"self":[{"href":"https:\/\/www.sudoestehoje.com.br\/novoportal\/wp-json\/wp\/v2\/posts\/86136","targetHints":{"allow":["GET"]}}],"collection":[{"href":"https:\/\/www.sudoestehoje.com.br\/novoportal\/wp-json\/wp\/v2\/posts"}],"about":[{"href":"https:\/\/www.sudoestehoje.com.br\/novoportal\/wp-json\/wp\/v2\/types\/post"}],"author":[{"embeddable":true,"href":"https:\/\/www.sudoestehoje.com.br\/novoportal\/wp-json\/wp\/v2\/users\/2"}],"replies":[{"embeddable":true,"href":"https:\/\/www.sudoestehoje.com.br\/novoportal\/wp-json\/wp\/v2\/comments?post=86136"}],"version-history":[{"count":2,"href":"https:\/\/www.sudoestehoje.com.br\/novoportal\/wp-json\/wp\/v2\/posts\/86136\/revisions"}],"predecessor-version":[{"id":86139,"href":"https:\/\/www.sudoestehoje.com.br\/novoportal\/wp-json\/wp\/v2\/posts\/86136\/revisions\/86139"}],"wp:featuredmedia":[{"embeddable":true,"href":"https:\/\/www.sudoestehoje.com.br\/novoportal\/wp-json\/wp\/v2\/media\/86138"}],"wp:attachment":[{"href":"https:\/\/www.sudoestehoje.com.br\/novoportal\/wp-json\/wp\/v2\/media?parent=86136"}],"wp:term":[{"taxonomy":"category","embeddable":true,"href":"https:\/\/www.sudoestehoje.com.br\/novoportal\/wp-json\/wp\/v2\/categories?post=86136"},{"taxonomy":"post_tag","embeddable":true,"href":"https:\/\/www.sudoestehoje.com.br\/novoportal\/wp-json\/wp\/v2\/tags?post=86136"}],"curies":[{"name":"wp","href":"https:\/\/api.w.org\/{rel}","templated":true}]}}