
{"id":86131,"date":"2020-04-13T22:09:35","date_gmt":"2020-04-14T01:09:35","guid":{"rendered":"https:\/\/www.sudoestehoje.com.br\/novoportal\/?p=86131"},"modified":"2020-04-13T22:12:47","modified_gmt":"2020-04-14T01:12:47","slug":"vulcabras-mantem-paralisacao-com-ferias-coletivas-ate-26-de-abril","status":"publish","type":"post","link":"https:\/\/www.sudoestehoje.com.br\/novoportal\/2020\/04\/13\/vulcabras-mantem-paralisacao-com-ferias-coletivas-ate-26-de-abril\/","title":{"rendered":"VULCABRAS MANT\u00c9M PARALISA\u00c7\u00c3O COM F\u00c9RIAS COLETIVAS AT\u00c9 26 DE ABRIL"},"content":{"rendered":"<p><a href=\"https:\/\/www.sudoestehoje.com.br\/novoportal\/wp-content\/uploads\/2020\/04\/VULC.jpg\"><img loading=\"lazy\" decoding=\"async\" class=\"aligncenter size-medium wp-image-86133\" src=\"https:\/\/www.sudoestehoje.com.br\/novoportal\/wp-content\/uploads\/2020\/04\/VULC-500x333.jpg\" alt=\"\" width=\"500\" height=\"333\" srcset=\"https:\/\/www.sudoestehoje.com.br\/novoportal\/wp-content\/uploads\/2020\/04\/VULC-500x333.jpg 500w, https:\/\/www.sudoestehoje.com.br\/novoportal\/wp-content\/uploads\/2020\/04\/VULC-768x512.jpg 768w, https:\/\/www.sudoestehoje.com.br\/novoportal\/wp-content\/uploads\/2020\/04\/VULC-700x467.jpg 700w, https:\/\/www.sudoestehoje.com.br\/novoportal\/wp-content\/uploads\/2020\/04\/VULC.jpg 960w\" sizes=\"auto, (max-width: 500px) 100vw, 500px\" \/><\/a><\/p>\n<p>A\u00a0<strong><a href=\"https:\/\/www.moneytimes.com.br\/vulcabras-azaleia\">Vulcabras<\/a><\/strong>\u00a0(<strong><a href=\"https:\/\/www.moneytimes.com.br\/cotacao\/vulc3\">VULC3<\/a><\/strong>) anuncia aos seus acionistas e ao mercado em geral a manuten\u00e7\u00e3o da paralisa\u00e7\u00e3o de suas atividades, em decorr\u00eancia da quarentena de\u00a0<strong><a href=\"https:\/\/www.moneytimes.com.br\/coronavirus\">coronav\u00edrus<\/a>\u00a0<\/strong>no pa\u00eds.<\/p>\n<p>Segundo o comunicado desta segunda-feira (13), a empresa estendeu o per\u00edodo de f\u00e9rias coletivas at\u00e9 o dia 26 de abril. A fabricante ressalta o comprometimento diante de qualquer mudan\u00e7a do Conselho de Administra\u00e7\u00e3o.<\/p>\n<p>A decis\u00e3o da dire\u00e7\u00e3o da maior ind\u00fastria cal\u00e7adista do pa\u00eds deve ser aplicada em todas as unidades, inclusive na fabrica de Itapetinga.<\/p>\n<p>A informa\u00e7\u00e3o \u00e9 do site <strong><em>Money Times<\/em><\/strong><\/p>\n","protected":false},"excerpt":{"rendered":"<p>A\u00a0Vulcabras\u00a0(VULC3) anuncia aos seus acionistas e ao mercado em geral a manuten\u00e7\u00e3o da paralisa\u00e7\u00e3o de suas atividades, em decorr\u00eancia da quarentena de\u00a0coronav\u00edrus\u00a0no pa\u00eds. Segundo o comunicado desta segunda-feira (13), a empresa estendeu o per\u00edodo de f\u00e9rias coletivas at\u00e9 o dia 26 de abril. A fabricante ressalta o comprometimento diante de qualquer mudan\u00e7a do Conselho de [&hellip;]<\/p>\n","protected":false},"author":2,"featured_media":86133,"comment_status":"open","ping_status":"open","sticky":false,"template":"","format":"standard","meta":{"footnotes":"","_links_to":"","_links_to_target":""},"categories":[1],"tags":[],"class_list":["post-86131","post","type-post","status-publish","format-standard","has-post-thumbnail","hentry","category-geral"],"views":1154,"_links":{"self":[{"href":"https:\/\/www.sudoestehoje.com.br\/novoportal\/wp-json\/wp\/v2\/posts\/86131","targetHints":{"allow":["GET"]}}],"collection":[{"href":"https:\/\/www.sudoestehoje.com.br\/novoportal\/wp-json\/wp\/v2\/posts"}],"about":[{"href":"https:\/\/www.sudoestehoje.com.br\/novoportal\/wp-json\/wp\/v2\/types\/post"}],"author":[{"embeddable":true,"href":"https:\/\/www.sudoestehoje.com.br\/novoportal\/wp-json\/wp\/v2\/users\/2"}],"replies":[{"embeddable":true,"href":"https:\/\/www.sudoestehoje.com.br\/novoportal\/wp-json\/wp\/v2\/comments?post=86131"}],"version-history":[{"count":3,"href":"https:\/\/www.sudoestehoje.com.br\/novoportal\/wp-json\/wp\/v2\/posts\/86131\/revisions"}],"predecessor-version":[{"id":86135,"href":"https:\/\/www.sudoestehoje.com.br\/novoportal\/wp-json\/wp\/v2\/posts\/86131\/revisions\/86135"}],"wp:featuredmedia":[{"embeddable":true,"href":"https:\/\/www.sudoestehoje.com.br\/novoportal\/wp-json\/wp\/v2\/media\/86133"}],"wp:attachment":[{"href":"https:\/\/www.sudoestehoje.com.br\/novoportal\/wp-json\/wp\/v2\/media?parent=86131"}],"wp:term":[{"taxonomy":"category","embeddable":true,"href":"https:\/\/www.sudoestehoje.com.br\/novoportal\/wp-json\/wp\/v2\/categories?post=86131"},{"taxonomy":"post_tag","embeddable":true,"href":"https:\/\/www.sudoestehoje.com.br\/novoportal\/wp-json\/wp\/v2\/tags?post=86131"}],"curies":[{"name":"wp","href":"https:\/\/api.w.org\/{rel}","templated":true}]}}