
{"id":86121,"date":"2020-04-13T11:43:35","date_gmt":"2020-04-13T14:43:35","guid":{"rendered":"https:\/\/www.sudoestehoje.com.br\/novoportal\/?p=86121"},"modified":"2020-04-13T11:43:35","modified_gmt":"2020-04-13T14:43:35","slug":"morre-aos-72-anos-o-cantor-e-compositor-baiano-moraes-moreira","status":"publish","type":"post","link":"https:\/\/www.sudoestehoje.com.br\/novoportal\/2020\/04\/13\/morre-aos-72-anos-o-cantor-e-compositor-baiano-moraes-moreira\/","title":{"rendered":"MORRE, AOS 72 ANOS, O CANTOR E COMPOSITOR BAIANO MORAES MOREIRA"},"content":{"rendered":"<p><a href=\"https:\/\/www.sudoestehoje.com.br\/novoportal\/wp-content\/uploads\/2020\/04\/MORAES-MOREIRA.jpg\"><img loading=\"lazy\" decoding=\"async\" class=\"aligncenter size-medium wp-image-86122\" src=\"https:\/\/www.sudoestehoje.com.br\/novoportal\/wp-content\/uploads\/2020\/04\/MORAES-MOREIRA-500x334.jpg\" alt=\"\" width=\"500\" height=\"334\" srcset=\"https:\/\/www.sudoestehoje.com.br\/novoportal\/wp-content\/uploads\/2020\/04\/MORAES-MOREIRA-500x334.jpg 500w, https:\/\/www.sudoestehoje.com.br\/novoportal\/wp-content\/uploads\/2020\/04\/MORAES-MOREIRA-768x512.jpg 768w, https:\/\/www.sudoestehoje.com.br\/novoportal\/wp-content\/uploads\/2020\/04\/MORAES-MOREIRA-700x467.jpg 700w, https:\/\/www.sudoestehoje.com.br\/novoportal\/wp-content\/uploads\/2020\/04\/MORAES-MOREIRA.jpg 940w\" sizes=\"auto, (max-width: 500px) 100vw, 500px\" \/><\/a><\/p>\n<p>O cantor e compositor Moraes Moreira morreu nesta segunda-feira (13), aos 72 anos, em sua casa no Rio de Janeiro. Segundo o Blog do Marrom, a informa\u00e7\u00e3o foi confirmada pelo tamb\u00e9m cantor Paulinho Boca de Cantor, companheiro de Moraes no grupo Novos Baianos.<\/p>\n<p>Emocionado, Paulinho Boca contou que\u00a0um parente informou que Moreira morreu enquanto dormia. Ainda n\u00e3o h\u00e1 informa\u00e7\u00f5es das causas da morte.<\/p>\n<p>Ant\u00f4nio Carlos Moraes Pires nasceu em Itua\u00e7u, na Bahia, na Chapada Diamantina. Possui mais de 40 discos gravados, entre Novos Baianos, Trio El\u00e9trico Dod\u00f4 e Osmar e ainda dois discos em parceria com o guitarrista Pepeu Gomes. Entre os cl\u00e1ssicos que escreveu est\u00e3o &#8220;Meninas do Brasil&#8221;, &#8220;Santa F\u00e9&#8221;, &#8220;Eu Tamb\u00e9m quero Beijar&#8221;, &#8220;Sintonia&#8221;, &#8220;L\u00e1 vem o Brasil descendo a Ladeira&#8221;, &#8220;Eu sou o Carnaval&#8221;, &#8220;Chame Gente&#8221;, &#8220;Ch\u00e3o da Pra\u00e7a&#8221;, &#8220;Vassourinha El\u00e9trica&#8221;, &#8220;Bloco do Prazer&#8221; e &#8220;Preta Pretinha&#8221;.<\/p>\n<p>Escreveu os livros &#8220;Poeta n\u00e3o tem idade&#8221; (2012) e &#8220;A Hist\u00f3ria dos Novos Baianos e Outros versos&#8221; (2008), ocupando a cadeira n\u00ba 38 da Academia Brasileira de Literatura de Cordel.<\/p>\n<p>Cantor, compositor e instrumentista com 50 anos de carreira, foi o primeiro cantor de trio el\u00e9trico e principal compositor do conjunto Novos Baianos, al\u00e9m de um extenso trabalho em carreira solo. Tamb\u00e9m foi gravado por grandes int\u00e9rpretes. <em>\/\/BN<\/em><\/p>\n","protected":false},"excerpt":{"rendered":"<p>O cantor e compositor Moraes Moreira morreu nesta segunda-feira (13), aos 72 anos, em sua casa no Rio de Janeiro. Segundo o Blog do Marrom, a informa\u00e7\u00e3o foi confirmada pelo tamb\u00e9m cantor Paulinho Boca de Cantor, companheiro de Moraes no grupo Novos Baianos. Emocionado, Paulinho Boca contou que\u00a0um parente informou que Moreira morreu enquanto dormia. [&hellip;]<\/p>\n","protected":false},"author":2,"featured_media":86122,"comment_status":"open","ping_status":"open","sticky":false,"template":"","format":"standard","meta":{"footnotes":"","_links_to":"","_links_to_target":""},"categories":[1],"tags":[],"class_list":["post-86121","post","type-post","status-publish","format-standard","has-post-thumbnail","hentry","category-geral"],"views":865,"_links":{"self":[{"href":"https:\/\/www.sudoestehoje.com.br\/novoportal\/wp-json\/wp\/v2\/posts\/86121","targetHints":{"allow":["GET"]}}],"collection":[{"href":"https:\/\/www.sudoestehoje.com.br\/novoportal\/wp-json\/wp\/v2\/posts"}],"about":[{"href":"https:\/\/www.sudoestehoje.com.br\/novoportal\/wp-json\/wp\/v2\/types\/post"}],"author":[{"embeddable":true,"href":"https:\/\/www.sudoestehoje.com.br\/novoportal\/wp-json\/wp\/v2\/users\/2"}],"replies":[{"embeddable":true,"href":"https:\/\/www.sudoestehoje.com.br\/novoportal\/wp-json\/wp\/v2\/comments?post=86121"}],"version-history":[{"count":2,"href":"https:\/\/www.sudoestehoje.com.br\/novoportal\/wp-json\/wp\/v2\/posts\/86121\/revisions"}],"predecessor-version":[{"id":86124,"href":"https:\/\/www.sudoestehoje.com.br\/novoportal\/wp-json\/wp\/v2\/posts\/86121\/revisions\/86124"}],"wp:featuredmedia":[{"embeddable":true,"href":"https:\/\/www.sudoestehoje.com.br\/novoportal\/wp-json\/wp\/v2\/media\/86122"}],"wp:attachment":[{"href":"https:\/\/www.sudoestehoje.com.br\/novoportal\/wp-json\/wp\/v2\/media?parent=86121"}],"wp:term":[{"taxonomy":"category","embeddable":true,"href":"https:\/\/www.sudoestehoje.com.br\/novoportal\/wp-json\/wp\/v2\/categories?post=86121"},{"taxonomy":"post_tag","embeddable":true,"href":"https:\/\/www.sudoestehoje.com.br\/novoportal\/wp-json\/wp\/v2\/tags?post=86121"}],"curies":[{"name":"wp","href":"https:\/\/api.w.org\/{rel}","templated":true}]}}