
{"id":86109,"date":"2020-04-12T19:39:33","date_gmt":"2020-04-12T22:39:33","guid":{"rendered":"https:\/\/www.sudoestehoje.com.br\/novoportal\/?p=86109"},"modified":"2020-04-12T20:10:43","modified_gmt":"2020-04-12T23:10:43","slug":"sesab-e-lacen-confirmam-5o-caso-positivo-de-coronavirus-em-itapetinga","status":"publish","type":"post","link":"https:\/\/www.sudoestehoje.com.br\/novoportal\/2020\/04\/12\/sesab-e-lacen-confirmam-5o-caso-positivo-de-coronavirus-em-itapetinga\/","title":{"rendered":"SESAB E LACEN CONFIRMAM &#8216;5\u00ba&#8217; CASO POSITIVO DE CORONAV\u00cdRUS EM ITAPETINGA"},"content":{"rendered":"<p><strong><a href=\"https:\/\/www.sudoestehoje.com.br\/novoportal\/wp-content\/uploads\/2020\/04\/itap-11.jpg\"><img loading=\"lazy\" decoding=\"async\" class=\"aligncenter size-medium wp-image-86112\" src=\"https:\/\/www.sudoestehoje.com.br\/novoportal\/wp-content\/uploads\/2020\/04\/itap-11-500x335.jpg\" alt=\"\" width=\"500\" height=\"335\" srcset=\"https:\/\/www.sudoestehoje.com.br\/novoportal\/wp-content\/uploads\/2020\/04\/itap-11-500x335.jpg 500w, https:\/\/www.sudoestehoje.com.br\/novoportal\/wp-content\/uploads\/2020\/04\/itap-11-768x515.jpg 768w, https:\/\/www.sudoestehoje.com.br\/novoportal\/wp-content\/uploads\/2020\/04\/itap-11-700x470.jpg 700w, https:\/\/www.sudoestehoje.com.br\/novoportal\/wp-content\/uploads\/2020\/04\/itap-11.jpg 1024w\" sizes=\"auto, (max-width: 500px) 100vw, 500px\" \/><\/a><\/strong><\/p>\n<p>A Bahia registrou 34 novos casos de coronav\u00edrus e, com isso, o estado passa a ter 674 pessoas infectadas.\u00a0A informa\u00e7\u00e3o foi divulgada pela Secretaria de Sa\u00fade do Estado da Bahia (Sesab) neste domingo (12).<\/p>\n<p>De acordo com o boletim, os novos casos foram registrados nas cidades de Feira de Santana (43), Ilh\u00e9us (39), Itabuna (21), Itapebi (4), <strong>Itapetinga (5),<\/strong> Salvador (362), Uru\u00e7uca (12), Vit\u00f3ria da Conquista (19) e Serra do Ramalho (1), que teve o primeiro caso da doen\u00e7a confirmado.\u200b\u200b<\/p>\n<p><strong>MULHER DE 40 ANOS<\/strong><\/p>\n<p>De acordo com Boletim da Secretaria Municipal de Sa\u00fade, trata-se de uma mulher de 40 anos que estava, desde o in\u00edcio do m\u00eas, monitorada pela vigil\u00e2ncia epidemiol\u00f3gica por ter tido contato direto com outro caso positivado. Ela passa bem, est\u00e1 assintom\u00e1tica, respeitando o isolamento social exigido.<\/p>\n<p data-raofz=\"16\"><strong>Neste final de semana, dois casos foram confirmados, todos com liga\u00e7\u00e3o com um mesmo paciente anteriormente positivado.<\/strong><\/p>\n<p><strong>QUARTO OU QUINTO CASO?<\/strong><\/p>\n<p>A Secretaria de Sa\u00fade de Itapetinga contesta um dos casos atribu\u00eddos ao munic\u00edpio, por se tratar de paciente que reside em Porto Seguro, onde foi feita a coleta do material e enviado ao Lacen (caso do Beb\u00ea que nasceu no HCR).<\/p>\n<p>Mera estat\u00edstica, sem maior import\u00e2ncia, que deve ser resolvida entre a prefeitura e o Estado.<\/p>\n<p>&nbsp;<\/p>\n<p><strong><em>Reda\u00e7\u00e3o SH<\/em><\/strong><\/p>\n","protected":false},"excerpt":{"rendered":"<p>A Bahia registrou 34 novos casos de coronav\u00edrus e, com isso, o estado passa a ter 674 pessoas infectadas.\u00a0A informa\u00e7\u00e3o foi divulgada pela Secretaria de Sa\u00fade do Estado da Bahia (Sesab) neste domingo (12). De acordo com o boletim, os novos casos foram registrados nas cidades de Feira de Santana (43), Ilh\u00e9us (39), Itabuna (21), [&hellip;]<\/p>\n","protected":false},"author":2,"featured_media":86112,"comment_status":"open","ping_status":"open","sticky":false,"template":"","format":"standard","meta":{"footnotes":"","_links_to":"","_links_to_target":""},"categories":[1],"tags":[],"class_list":["post-86109","post","type-post","status-publish","format-standard","has-post-thumbnail","hentry","category-geral"],"views":1216,"_links":{"self":[{"href":"https:\/\/www.sudoestehoje.com.br\/novoportal\/wp-json\/wp\/v2\/posts\/86109","targetHints":{"allow":["GET"]}}],"collection":[{"href":"https:\/\/www.sudoestehoje.com.br\/novoportal\/wp-json\/wp\/v2\/posts"}],"about":[{"href":"https:\/\/www.sudoestehoje.com.br\/novoportal\/wp-json\/wp\/v2\/types\/post"}],"author":[{"embeddable":true,"href":"https:\/\/www.sudoestehoje.com.br\/novoportal\/wp-json\/wp\/v2\/users\/2"}],"replies":[{"embeddable":true,"href":"https:\/\/www.sudoestehoje.com.br\/novoportal\/wp-json\/wp\/v2\/comments?post=86109"}],"version-history":[{"count":5,"href":"https:\/\/www.sudoestehoje.com.br\/novoportal\/wp-json\/wp\/v2\/posts\/86109\/revisions"}],"predecessor-version":[{"id":86116,"href":"https:\/\/www.sudoestehoje.com.br\/novoportal\/wp-json\/wp\/v2\/posts\/86109\/revisions\/86116"}],"wp:featuredmedia":[{"embeddable":true,"href":"https:\/\/www.sudoestehoje.com.br\/novoportal\/wp-json\/wp\/v2\/media\/86112"}],"wp:attachment":[{"href":"https:\/\/www.sudoestehoje.com.br\/novoportal\/wp-json\/wp\/v2\/media?parent=86109"}],"wp:term":[{"taxonomy":"category","embeddable":true,"href":"https:\/\/www.sudoestehoje.com.br\/novoportal\/wp-json\/wp\/v2\/categories?post=86109"},{"taxonomy":"post_tag","embeddable":true,"href":"https:\/\/www.sudoestehoje.com.br\/novoportal\/wp-json\/wp\/v2\/tags?post=86109"}],"curies":[{"name":"wp","href":"https:\/\/api.w.org\/{rel}","templated":true}]}}