
{"id":86102,"date":"2020-04-12T12:33:05","date_gmt":"2020-04-12T15:33:05","guid":{"rendered":"https:\/\/www.sudoestehoje.com.br\/novoportal\/?p=86102"},"modified":"2020-04-12T12:33:05","modified_gmt":"2020-04-12T15:33:05","slug":"itapetinga-idosa-de-65-anos-e-o-3o-caso-de-coronavirus-no-municipio","status":"publish","type":"post","link":"https:\/\/www.sudoestehoje.com.br\/novoportal\/2020\/04\/12\/itapetinga-idosa-de-65-anos-e-o-3o-caso-de-coronavirus-no-municipio\/","title":{"rendered":"ITAPETINGA: IDOSA DE 65 ANOS \u00c9 O 3\u00ba CASO DE CORONAV\u00cdRUS NO MUNIC\u00cdPIO"},"content":{"rendered":"<p data-raofz=\"16\"><a href=\"https:\/\/www.sudoestehoje.com.br\/novoportal\/wp-content\/uploads\/2020\/04\/IDOSA.jpg\"><img loading=\"lazy\" decoding=\"async\" class=\"aligncenter size-medium wp-image-86104\" src=\"https:\/\/www.sudoestehoje.com.br\/novoportal\/wp-content\/uploads\/2020\/04\/IDOSA-500x334.jpg\" alt=\"\" width=\"500\" height=\"334\" srcset=\"https:\/\/www.sudoestehoje.com.br\/novoportal\/wp-content\/uploads\/2020\/04\/IDOSA-500x334.jpg 500w, https:\/\/www.sudoestehoje.com.br\/novoportal\/wp-content\/uploads\/2020\/04\/IDOSA-768x513.jpg 768w, https:\/\/www.sudoestehoje.com.br\/novoportal\/wp-content\/uploads\/2020\/04\/IDOSA-700x467.jpg 700w, https:\/\/www.sudoestehoje.com.br\/novoportal\/wp-content\/uploads\/2020\/04\/IDOSA.jpg 942w\" sizes=\"auto, (max-width: 500px) 100vw, 500px\" \/><\/a><\/p>\n<p data-raofz=\"16\">Novo caso de Covid-19 foi confirmado em Itapetinga, neste s\u00e1bado, 11. Desta vez, uma mulher, itapetinguense, de 65 anos. Ela teve contato com outro caso registrado.<\/p>\n<p data-raofz=\"16\">A paciente encontra-se isolada em casa, mas est\u00e1 bem e assintom\u00e1tica. Como ela teve contato direto com um outro paciente positivado, ela come\u00e7ou a ser monitorada pela vigil\u00e2ncia epidemiol\u00f3gica e foi testada, logo que foi confirmado o caso do munic\u00edpio.<\/p>\n<p data-raofz=\"16\">Agora, Itapetinga registra 03 casos confirmados, 01 \u00f3bito e 06 suspeitos. O n\u00famero de pessoas monitoradas subiu para 74. 17 casos suspeitos j\u00e1 foram descartados.<\/p>\n","protected":false},"excerpt":{"rendered":"<p>Novo caso de Covid-19 foi confirmado em Itapetinga, neste s\u00e1bado, 11. Desta vez, uma mulher, itapetinguense, de 65 anos. Ela teve contato com outro caso registrado. A paciente encontra-se isolada em casa, mas est\u00e1 bem e assintom\u00e1tica. Como ela teve contato direto com um outro paciente positivado, ela come\u00e7ou a ser monitorada pela vigil\u00e2ncia epidemiol\u00f3gica [&hellip;]<\/p>\n","protected":false},"author":2,"featured_media":86104,"comment_status":"open","ping_status":"open","sticky":false,"template":"","format":"standard","meta":{"footnotes":"","_links_to":"","_links_to_target":""},"categories":[1],"tags":[],"class_list":["post-86102","post","type-post","status-publish","format-standard","has-post-thumbnail","hentry","category-geral"],"views":886,"_links":{"self":[{"href":"https:\/\/www.sudoestehoje.com.br\/novoportal\/wp-json\/wp\/v2\/posts\/86102","targetHints":{"allow":["GET"]}}],"collection":[{"href":"https:\/\/www.sudoestehoje.com.br\/novoportal\/wp-json\/wp\/v2\/posts"}],"about":[{"href":"https:\/\/www.sudoestehoje.com.br\/novoportal\/wp-json\/wp\/v2\/types\/post"}],"author":[{"embeddable":true,"href":"https:\/\/www.sudoestehoje.com.br\/novoportal\/wp-json\/wp\/v2\/users\/2"}],"replies":[{"embeddable":true,"href":"https:\/\/www.sudoestehoje.com.br\/novoportal\/wp-json\/wp\/v2\/comments?post=86102"}],"version-history":[{"count":2,"href":"https:\/\/www.sudoestehoje.com.br\/novoportal\/wp-json\/wp\/v2\/posts\/86102\/revisions"}],"predecessor-version":[{"id":86105,"href":"https:\/\/www.sudoestehoje.com.br\/novoportal\/wp-json\/wp\/v2\/posts\/86102\/revisions\/86105"}],"wp:featuredmedia":[{"embeddable":true,"href":"https:\/\/www.sudoestehoje.com.br\/novoportal\/wp-json\/wp\/v2\/media\/86104"}],"wp:attachment":[{"href":"https:\/\/www.sudoestehoje.com.br\/novoportal\/wp-json\/wp\/v2\/media?parent=86102"}],"wp:term":[{"taxonomy":"category","embeddable":true,"href":"https:\/\/www.sudoestehoje.com.br\/novoportal\/wp-json\/wp\/v2\/categories?post=86102"},{"taxonomy":"post_tag","embeddable":true,"href":"https:\/\/www.sudoestehoje.com.br\/novoportal\/wp-json\/wp\/v2\/tags?post=86102"}],"curies":[{"name":"wp","href":"https:\/\/api.w.org\/{rel}","templated":true}]}}