
{"id":86094,"date":"2020-04-11T18:10:42","date_gmt":"2020-04-11T21:10:42","guid":{"rendered":"https:\/\/www.sudoestehoje.com.br\/novoportal\/?p=86094"},"modified":"2020-04-11T18:52:28","modified_gmt":"2020-04-11T21:52:28","slug":"comercio-de-itapetinga-volta-a-funcionar-a-partir-da-proxima-segunda","status":"publish","type":"post","link":"https:\/\/www.sudoestehoje.com.br\/novoportal\/2020\/04\/11\/comercio-de-itapetinga-volta-a-funcionar-a-partir-da-proxima-segunda\/","title":{"rendered":"COM\u00c9RCIO DE ITAPETINGA VOLTA A FUNCIONAR A PARTIR DA PR\u00d3XIMA SEGUNDA, DIZ CDL"},"content":{"rendered":"<p><a href=\"https:\/\/www.sudoestehoje.com.br\/novoportal\/wp-content\/uploads\/2020\/04\/alameda-2.jpg\"><img loading=\"lazy\" decoding=\"async\" class=\"aligncenter size-medium wp-image-86096\" src=\"https:\/\/www.sudoestehoje.com.br\/novoportal\/wp-content\/uploads\/2020\/04\/alameda-2-500x300.jpg\" alt=\"\" width=\"500\" height=\"300\" srcset=\"https:\/\/www.sudoestehoje.com.br\/novoportal\/wp-content\/uploads\/2020\/04\/alameda-2-500x300.jpg 500w, https:\/\/www.sudoestehoje.com.br\/novoportal\/wp-content\/uploads\/2020\/04\/alameda-2-768x461.jpg 768w, https:\/\/www.sudoestehoje.com.br\/novoportal\/wp-content\/uploads\/2020\/04\/alameda-2-700x420.jpg 700w, https:\/\/www.sudoestehoje.com.br\/novoportal\/wp-content\/uploads\/2020\/04\/alameda-2.jpg 960w\" sizes=\"auto, (max-width: 500px) 100vw, 500px\" \/><\/a><\/p>\n<p>Fechado desde o dia 24 de mar\u00e7o, como medida preventiva contra a pandemia do Coronav\u00edrus, o comercio de Itapetinga tem previs\u00e3o de reabrir a partir da pr\u00f3xima segunda-feira (13), segundo informou a C\u00e2mara de Dirigentes Logistas (CDL), neste domingo (11).<\/p>\n<p>De acordo com a CDL, ser\u00e3o exigidas medidas de seguran\u00e7a e de higieniza\u00e7\u00e3o para os estabelecimentos que abrirem suas portas:<\/p>\n<p>A disponibilidade de \u00e1lcool(gel ou 70%) ou pia com \u00e1gua e sab\u00e3o para uso dos clientes e funcion\u00e1rios ser\u00e1 indispens\u00e1vel.<\/p>\n<p>A utiliza\u00e7\u00e3o de m\u00e1scaras, mesmo que artesanais, pelos funcion\u00e1rios, tamb\u00e9m, ser\u00e1 obrigat\u00f3ria.<\/p>\n<p>Dever\u00e1 ser respeitado o distanciamento m\u00ednimo de 1,5 metros por pessoa, e cada estabelecimento dever\u00e1 fixar a capacidade m\u00e1xima de pessoas, inclusive funcion\u00e1rios, no interior da loja, na propor\u00e7\u00e3o de uma pessoa por cada 5 m\u00b2.<\/p>\n<p>O Com\u00e9rcio de Itapetinga volta a funcionar na pr\u00f3xima segunda (13\/04\/2020).<br \/>\nSer\u00e3o exigidas medidas de seguran\u00e7a e de higieniza\u00e7\u00e3o para os estabelecimentos que abrirem suas portas.<\/p>\n<p>Haver\u00e1 fiscaliza\u00e7\u00e3o, notifica\u00e7\u00e3o e multas no caso de descumprimento das normas.<\/p>\n<p>Maiores detalhes no decreto a ser publicado ainda hoje.<\/p>\n","protected":false},"excerpt":{"rendered":"<p>Fechado desde o dia 24 de mar\u00e7o, como medida preventiva contra a pandemia do Coronav\u00edrus, o comercio de Itapetinga tem previs\u00e3o de reabrir a partir da pr\u00f3xima segunda-feira (13), segundo informou a C\u00e2mara de Dirigentes Logistas (CDL), neste domingo (11). De acordo com a CDL, ser\u00e3o exigidas medidas de seguran\u00e7a e de higieniza\u00e7\u00e3o para os [&hellip;]<\/p>\n","protected":false},"author":2,"featured_media":86096,"comment_status":"open","ping_status":"open","sticky":false,"template":"","format":"standard","meta":{"footnotes":"","_links_to":"","_links_to_target":""},"categories":[1],"tags":[],"class_list":["post-86094","post","type-post","status-publish","format-standard","has-post-thumbnail","hentry","category-geral"],"views":1233,"_links":{"self":[{"href":"https:\/\/www.sudoestehoje.com.br\/novoportal\/wp-json\/wp\/v2\/posts\/86094","targetHints":{"allow":["GET"]}}],"collection":[{"href":"https:\/\/www.sudoestehoje.com.br\/novoportal\/wp-json\/wp\/v2\/posts"}],"about":[{"href":"https:\/\/www.sudoestehoje.com.br\/novoportal\/wp-json\/wp\/v2\/types\/post"}],"author":[{"embeddable":true,"href":"https:\/\/www.sudoestehoje.com.br\/novoportal\/wp-json\/wp\/v2\/users\/2"}],"replies":[{"embeddable":true,"href":"https:\/\/www.sudoestehoje.com.br\/novoportal\/wp-json\/wp\/v2\/comments?post=86094"}],"version-history":[{"count":3,"href":"https:\/\/www.sudoestehoje.com.br\/novoportal\/wp-json\/wp\/v2\/posts\/86094\/revisions"}],"predecessor-version":[{"id":86098,"href":"https:\/\/www.sudoestehoje.com.br\/novoportal\/wp-json\/wp\/v2\/posts\/86094\/revisions\/86098"}],"wp:featuredmedia":[{"embeddable":true,"href":"https:\/\/www.sudoestehoje.com.br\/novoportal\/wp-json\/wp\/v2\/media\/86096"}],"wp:attachment":[{"href":"https:\/\/www.sudoestehoje.com.br\/novoportal\/wp-json\/wp\/v2\/media?parent=86094"}],"wp:term":[{"taxonomy":"category","embeddable":true,"href":"https:\/\/www.sudoestehoje.com.br\/novoportal\/wp-json\/wp\/v2\/categories?post=86094"},{"taxonomy":"post_tag","embeddable":true,"href":"https:\/\/www.sudoestehoje.com.br\/novoportal\/wp-json\/wp\/v2\/tags?post=86094"}],"curies":[{"name":"wp","href":"https:\/\/api.w.org\/{rel}","templated":true}]}}