
{"id":86090,"date":"2020-04-09T19:51:29","date_gmt":"2020-04-09T22:51:29","guid":{"rendered":"https:\/\/www.sudoestehoje.com.br\/novoportal\/?p=86090"},"modified":"2020-04-09T19:51:29","modified_gmt":"2020-04-09T22:51:29","slug":"bahia-tem-53-novos-infectados-por-coronavirus-em-apenas-24-horas","status":"publish","type":"post","link":"https:\/\/www.sudoestehoje.com.br\/novoportal\/2020\/04\/09\/bahia-tem-53-novos-infectados-por-coronavirus-em-apenas-24-horas\/","title":{"rendered":"BAHIA TEM 53 NOVOS INFECTADOS POR CORONAV\u00cdRUS EM APENAS 24 HORAS"},"content":{"rendered":"<p><a href=\"https:\/\/www.sudoestehoje.com.br\/novoportal\/wp-content\/uploads\/2020\/04\/chuva_3c9f0c96fa.jpg\"><img loading=\"lazy\" decoding=\"async\" class=\"aligncenter size-medium wp-image-86091\" src=\"https:\/\/www.sudoestehoje.com.br\/novoportal\/wp-content\/uploads\/2020\/04\/chuva_3c9f0c96fa-500x311.jpg\" alt=\"\" width=\"500\" height=\"311\" srcset=\"https:\/\/www.sudoestehoje.com.br\/novoportal\/wp-content\/uploads\/2020\/04\/chuva_3c9f0c96fa-500x311.jpg 500w, https:\/\/www.sudoestehoje.com.br\/novoportal\/wp-content\/uploads\/2020\/04\/chuva_3c9f0c96fa-768x478.jpg 768w, https:\/\/www.sudoestehoje.com.br\/novoportal\/wp-content\/uploads\/2020\/04\/chuva_3c9f0c96fa-700x436.jpg 700w, https:\/\/www.sudoestehoje.com.br\/novoportal\/wp-content\/uploads\/2020\/04\/chuva_3c9f0c96fa.jpg 940w\" sizes=\"auto, (max-width: 500px) 100vw, 500px\" \/><\/a><\/p>\n<p><strong><em>Correio<\/em><\/strong><\/p>\n<p class=\"bodytext\">J\u00e1 s\u00e3o 568 pessoas infectadas por coronav\u00edrus na Bahia. O n\u00famero saltou em 53 em apenas 24 horas, segundo informa\u00e7\u00f5es do boletim da Secretaria de Sa\u00fade do Estado (Sesab).<\/p>\n<p class=\"bodytext\">Ao todo, a Bahia j\u00e1 contabiliza 19 mortes por covid-19. Foram 11 em Salvador e oito que ocorreram nos munic\u00edpios de Lauro de Freitas (1), Itapetinga (1), Utinga (1) e Adustina (1), Araci (1), Itagib\u00e1 (1), Uru\u00e7uca (1) e Ilh\u00e9us (1).<\/p>\n<p class=\"bodytext\">Ao todo, 146 pessoas est\u00e3o recuperadas da doen\u00e7a, enquanto 51 seguem internadas, sendo 26 em leitos de UTI.\u00a0At\u00e9 o momento, 3.404 casos foram descartados. Esses n\u00fameros contabilizam\u00a0todos os registros de janeiro at\u00e9 as 17 horas desta quinta-feira (9). Estes dados representam notifica\u00e7\u00f5es oficiais compiladas pelo Centro de Informa\u00e7\u00f5es Estrat\u00e9gicas em Vigil\u00e2ncia em Sa\u00fade da Bahia (Cievs-BA), em conjunto com os Cievs municipais.<\/p>\n<p class=\"bodytext\">Agora j\u00e1 s\u00e3o 63 munic\u00edpios com pessoas infectadas, com mais da metade deles em Salvador, com 312 casos confirmados (54,93%). A mediana de idade \u00e9 39 anos, variando de 4 dias a 96 anos. J\u00e1 a\u00a0faixa et\u00e1ria mais acometida foi a de 30 a 39 anos, representando 27,99% do total. Por\u00e9m, o coeficiente de incid\u00eancia por 100 mil habitantes foi maior na faixa de 50 a 59 anos (7,34\/100.000 hab) , indicando o maior risco de adoecer entre essa faixa et\u00e1ria.<\/p>\n<p><strong>Mortes por coronav\u00edrus na Bahia<\/strong><br \/>\n29\/3 &#8211;\u00a0<a href=\"https:\/\/www.correio24horas.com.br\/noticia\/nid\/idoso-morto-por-coronavirus-em-salvador-fez-tratamento-com-cloroquina\/\" target=\"_blank\" rel=\"noopener noreferrer\">Idoso de 74 anos<\/a>\u00a0(Hospital da Bahia, em Salvador)<br \/>\n30\/3 &#8211;\u00a0<a href=\"https:\/\/www.correio24horas.com.br\/noticia\/nid\/vitima-do-coronavirus-presidente-da-ebisa-e-cremado-no-campo-santo\/\" target=\"_blank\" rel=\"noopener noreferrer\">Engenheiro civil de 64 anos<\/a>\u00a0(Hospital Alian\u00e7a, em Salvador)<br \/>\n1\/4 &#8211;\u00a0<a href=\"https:\/\/www.correio24horas.com.br\/noticia\/nid\/coronavirus-mulher-de-28-anos-morre-uma-semana-apos-dar-a-luz-na-bahia\/\" target=\"_blank\" rel=\"noopener noreferrer\">Mulher, m\u00e3e de rec\u00e9m-nascido, de 28 anos<\/a>\u00a0(UPA, em Itapetinga)<br \/>\n2\/4-\u00a0<a href=\"https:\/\/www.correio24horas.com.br\/noticia\/nid\/terceira-morte-por-coronavirus-e-confirmada-na-bahia\/\" target=\"_blank\" rel=\"noopener noreferrer\">Homem de 88 anos<\/a>\u00a0(Hospital da Bahia, em Salvador)<br \/>\n3\/4 &#8211;\u00a0<a href=\"https:\/\/www.correio24horas.com.br\/noticia\/nid\/idoso-de-79-anos-e-quarta-morte-confirmada-por-coronavirus-na-bahia\/\" target=\"_blank\" rel=\"noopener noreferrer\">Idoso de 79 anos<\/a>\u00a0(Cardiopulmonar, em Salvador)<br \/>\n3\/4 &#8211;\u00a0<a href=\"https:\/\/www.correio24horas.com.br\/noticia\/nid\/mulher-de-41-anos-e-a-quinta-vitima-do-coronavirus-na-bahia\/\" target=\"_blank\" rel=\"noopener noreferrer\">Mulher de 41 anos<\/a>\u00a0(Couto Maia, em Salvador)<br \/>\n3\/4-\u00a0<a href=\"https:\/\/www.correio24horas.com.br\/noticia\/nid\/bahia-tem-sexta-morte-por-coronavirus-confirmada-em-utinga\/\" target=\"_blank\" rel=\"noopener noreferrer\">Idoso de 80 anos<\/a>\u00a0(Utinga)<br \/>\n3\/4 &#8211;\u00a0<a href=\"https:\/\/www.correio24horas.com.br\/noticia\/nid\/idosa-de-62-anos-e-a-10a-morte-por-covid-19-confirmada-na-bahia\/\" target=\"_blank\" rel=\"noopener noreferrer\">Idosa de 62 anos<\/a>\u00a0(Instituto Couto Maia, Salvador)<br \/>\n4\/4 &#8211;\u00a0<a href=\"https:\/\/www.correio24horas.com.br\/noticia\/nid\/ex-gerente-da-caixa-economica-e-a-8a-vitima-fatal-de-covid-19-na-bahia\/\" target=\"_blank\" rel=\"noopener noreferrer\">Ex-gerente da Caixa Econ\u00f4mica, 55 anos<\/a>\u00a0(Hospital Aeroporto, em Lauro de Freitas)<br \/>\n5\/4 &#8211;\u00a0<a href=\"https:\/\/www.correio24horas.com.br\/noticia\/nid\/idoso-de-87-anos-e-o-nono-morto-por-coronavirus-na-bahia\/\" target=\"_blank\" rel=\"noopener noreferrer\">Idoso de 87 anos<\/a>\u00a0(Salvador)<br \/>\n6\/4 &#8211;\u00a0<a href=\"https:\/\/www.correio24horas.com.br\/noticia\/nid\/morre-taxista-que-estava-internado-com-coronavirus-no-couto-maia\/\" target=\"_blank\" rel=\"noopener noreferrer\">Taxista de 64 anos\u00a0<\/a>(Instituto Couto Maia, Salvador)<br \/>\n6\/4 &#8211;\u00a0<a href=\"https:\/\/www.correio24horas.com.br\/noticia\/nid\/idoso-morador-de-araci-e-16o-morto-por-coronavirus-na-bahia\/\" target=\"_blank\" rel=\"noopener noreferrer\">Idoso de 76 anos<\/a>\u00a0(Hospital Municipal em Araci)<br \/>\n7\/4 &#8211;\u00a0<a href=\"https:\/\/www.correio24horas.com.br\/noticia\/nid\/sobe-para-13-o-numero-de-mortes-por-coronavirus-na-bahia\/\" target=\"_blank\" rel=\"noopener noreferrer\">Homem de 26 anos<\/a>\u00a0(Instituto Couto Maia, Salvador)<br \/>\n7\/4 &#8211;\u00a0<a href=\"https:\/\/www.correio24horas.com.br\/noticia\/nid\/sobe-para-13-o-numero-de-mortes-por-coronavirus-na-bahia\/\" target=\"_blank\" rel=\"noopener noreferrer\">Homem de 53 anos<\/a>\u00a0(Instituto Couto Maia, Salvador)<br \/>\n7\/4 &#8211;\u00a0<a href=\"https:\/\/www.correio24horas.com.br\/noticia\/nid\/bahia-chega-a-14-mortos-e-462-infectados-por-coronavirus\/\" target=\"_blank\" rel=\"noopener noreferrer\">Mulher de 51 anos<\/a>\u00a0(Hospital particular, Salvador)<br \/>\n7\/4 &#8211;\u00a0<a href=\"https:\/\/www.correio24horas.com.br\/noticia\/nid\/idoso-de-96-anos-e-15a-morte-confirmada-por-covid-19-na-bahia\/\" target=\"_blank\" rel=\"noopener noreferrer\">Idoso de 96 anos<\/a>\u00a0(Hospital particular, Salvador)<br \/>\n7\/4 &#8211;\u00a0<a href=\"https:\/\/www.correio24horas.com.br\/noticia\/nid\/bahia-chega-a-18-mortos-e-515-infectados-pelo-coronavirus\/\" target=\"_blank\" rel=\"noopener noreferrer\">Idosa de 63 anos<\/a>\u00a0(Uru\u00e7uca)<br \/>\n8\/4 &#8211;\u00a0<a href=\"https:\/\/www.correio24horas.com.br\/noticia\/nid\/bahia-chega-a-18-mortos-e-515-infectados-pelo-coronavirus\/\" target=\"_blank\" rel=\"noopener noreferrer\">Idosa de 72 anos<\/a>\u00a0(Ipia\u00fa)<br \/>\n9\/4 &#8211;\u00a0<a href=\"https:\/\/www.correio24horas.com.br\/noticia\/nid\/morador-de-ilheus-de-65-anos-e-19o-morto-por-coronavirus-na-bahia\/\">Idoso de 65 anos<\/a>\u00a0(Ilh\u00e9us)<\/p>\n","protected":false},"excerpt":{"rendered":"<p>Correio J\u00e1 s\u00e3o 568 pessoas infectadas por coronav\u00edrus na Bahia. O n\u00famero saltou em 53 em apenas 24 horas, segundo informa\u00e7\u00f5es do boletim da Secretaria de Sa\u00fade do Estado (Sesab). Ao todo, a Bahia j\u00e1 contabiliza 19 mortes por covid-19. Foram 11 em Salvador e oito que ocorreram nos munic\u00edpios de Lauro de Freitas (1), [&hellip;]<\/p>\n","protected":false},"author":2,"featured_media":86091,"comment_status":"open","ping_status":"open","sticky":false,"template":"","format":"standard","meta":{"footnotes":"","_links_to":"","_links_to_target":""},"categories":[1],"tags":[],"class_list":["post-86090","post","type-post","status-publish","format-standard","has-post-thumbnail","hentry","category-geral"],"views":893,"_links":{"self":[{"href":"https:\/\/www.sudoestehoje.com.br\/novoportal\/wp-json\/wp\/v2\/posts\/86090","targetHints":{"allow":["GET"]}}],"collection":[{"href":"https:\/\/www.sudoestehoje.com.br\/novoportal\/wp-json\/wp\/v2\/posts"}],"about":[{"href":"https:\/\/www.sudoestehoje.com.br\/novoportal\/wp-json\/wp\/v2\/types\/post"}],"author":[{"embeddable":true,"href":"https:\/\/www.sudoestehoje.com.br\/novoportal\/wp-json\/wp\/v2\/users\/2"}],"replies":[{"embeddable":true,"href":"https:\/\/www.sudoestehoje.com.br\/novoportal\/wp-json\/wp\/v2\/comments?post=86090"}],"version-history":[{"count":2,"href":"https:\/\/www.sudoestehoje.com.br\/novoportal\/wp-json\/wp\/v2\/posts\/86090\/revisions"}],"predecessor-version":[{"id":86093,"href":"https:\/\/www.sudoestehoje.com.br\/novoportal\/wp-json\/wp\/v2\/posts\/86090\/revisions\/86093"}],"wp:featuredmedia":[{"embeddable":true,"href":"https:\/\/www.sudoestehoje.com.br\/novoportal\/wp-json\/wp\/v2\/media\/86091"}],"wp:attachment":[{"href":"https:\/\/www.sudoestehoje.com.br\/novoportal\/wp-json\/wp\/v2\/media?parent=86090"}],"wp:term":[{"taxonomy":"category","embeddable":true,"href":"https:\/\/www.sudoestehoje.com.br\/novoportal\/wp-json\/wp\/v2\/categories?post=86090"},{"taxonomy":"post_tag","embeddable":true,"href":"https:\/\/www.sudoestehoje.com.br\/novoportal\/wp-json\/wp\/v2\/tags?post=86090"}],"curies":[{"name":"wp","href":"https:\/\/api.w.org\/{rel}","templated":true}]}}