
{"id":86087,"date":"2020-04-09T19:39:08","date_gmt":"2020-04-09T22:39:08","guid":{"rendered":"https:\/\/www.sudoestehoje.com.br\/novoportal\/?p=86087"},"modified":"2020-04-09T19:39:08","modified_gmt":"2020-04-09T22:39:08","slug":"congresso-nacional-aprova-projeto-que-destina-r-2-bilhoes-as-santas-casas-para-combate-ao-coronavirus","status":"publish","type":"post","link":"https:\/\/www.sudoestehoje.com.br\/novoportal\/2020\/04\/09\/congresso-nacional-aprova-projeto-que-destina-r-2-bilhoes-as-santas-casas-para-combate-ao-coronavirus\/","title":{"rendered":"CONGRESSO NACIONAL APROVA PROJETO QUE DESTINA R$ 2 BILH\u00d5ES \u00c0S SANTAS CASAS PARA COMBATE AO CORONAV\u00cdRUS"},"content":{"rendered":"<p><a href=\"https:\/\/www.sudoestehoje.com.br\/novoportal\/wp-content\/uploads\/2020\/04\/BRITO-CONGRESSO.jpg\"><img loading=\"lazy\" decoding=\"async\" class=\"aligncenter size-medium wp-image-86088\" src=\"https:\/\/www.sudoestehoje.com.br\/novoportal\/wp-content\/uploads\/2020\/04\/BRITO-CONGRESSO-500x361.jpg\" alt=\"\" width=\"500\" height=\"361\" srcset=\"https:\/\/www.sudoestehoje.com.br\/novoportal\/wp-content\/uploads\/2020\/04\/BRITO-CONGRESSO-500x361.jpg 500w, https:\/\/www.sudoestehoje.com.br\/novoportal\/wp-content\/uploads\/2020\/04\/BRITO-CONGRESSO.jpg 607w\" sizes=\"auto, (max-width: 500px) 100vw, 500px\" \/><\/a><\/p>\n<p>A C\u00e2mara dos Deputados aprovou, hoje (9), o Projeto de Lei 1006\/20, de autoria do senador Jos\u00e9 Serra, que concede o repasse de R$ 2 bilh\u00f5es, como a\u00e7\u00e3o emergencial, da Uni\u00e3o para santas casas e hospitais filantr\u00f3picos se estruturarem fisicamente para o combate a pandemia do coronav\u00edrus.<\/p>\n<p>A mat\u00e9ria j\u00e1 havia sido aprovada pelo Senado e agora seguir\u00e1 para a san\u00e7\u00e3o presidencial.<\/p>\n<p>De acordo com o presidente da Frente Parlamentar das Santas Casas, deputado federal Antonio Brito (PSD\/BA),<em> \u201ceste socorro ao setor, que responde por mais de 50% de todos os atendimentos do SUS, \u00e9 fundamental neste momento para apoiar as a\u00e7\u00f5es coordenadas pelo ministro da Sa\u00fade, Luiz Henrique Mandetta, na luta contra o COVID-19\u201d. <\/em><\/p>\n<p>O texto aprovado determina que o valor do aux\u00edlio financeiro seja obrigatoriamente aplicado na compra de medicamentos, insumos, equipamentos, realiza\u00e7\u00e3o de obras de reestrutura\u00e7\u00e3o f\u00edsica para aumento da oferta de leitos de terapia intensiva e contrata\u00e7\u00e3o de profissionais de sa\u00fade para atender a demanda adicional.<\/p>\n","protected":false},"excerpt":{"rendered":"<p>A C\u00e2mara dos Deputados aprovou, hoje (9), o Projeto de Lei 1006\/20, de autoria do senador Jos\u00e9 Serra, que concede o repasse de R$ 2 bilh\u00f5es, como a\u00e7\u00e3o emergencial, da Uni\u00e3o para santas casas e hospitais filantr\u00f3picos se estruturarem fisicamente para o combate a pandemia do coronav\u00edrus. A mat\u00e9ria j\u00e1 havia sido aprovada pelo Senado [&hellip;]<\/p>\n","protected":false},"author":2,"featured_media":86088,"comment_status":"open","ping_status":"open","sticky":false,"template":"","format":"standard","meta":{"footnotes":"","_links_to":"","_links_to_target":""},"categories":[1],"tags":[],"class_list":["post-86087","post","type-post","status-publish","format-standard","has-post-thumbnail","hentry","category-geral"],"views":709,"_links":{"self":[{"href":"https:\/\/www.sudoestehoje.com.br\/novoportal\/wp-json\/wp\/v2\/posts\/86087","targetHints":{"allow":["GET"]}}],"collection":[{"href":"https:\/\/www.sudoestehoje.com.br\/novoportal\/wp-json\/wp\/v2\/posts"}],"about":[{"href":"https:\/\/www.sudoestehoje.com.br\/novoportal\/wp-json\/wp\/v2\/types\/post"}],"author":[{"embeddable":true,"href":"https:\/\/www.sudoestehoje.com.br\/novoportal\/wp-json\/wp\/v2\/users\/2"}],"replies":[{"embeddable":true,"href":"https:\/\/www.sudoestehoje.com.br\/novoportal\/wp-json\/wp\/v2\/comments?post=86087"}],"version-history":[{"count":1,"href":"https:\/\/www.sudoestehoje.com.br\/novoportal\/wp-json\/wp\/v2\/posts\/86087\/revisions"}],"predecessor-version":[{"id":86089,"href":"https:\/\/www.sudoestehoje.com.br\/novoportal\/wp-json\/wp\/v2\/posts\/86087\/revisions\/86089"}],"wp:featuredmedia":[{"embeddable":true,"href":"https:\/\/www.sudoestehoje.com.br\/novoportal\/wp-json\/wp\/v2\/media\/86088"}],"wp:attachment":[{"href":"https:\/\/www.sudoestehoje.com.br\/novoportal\/wp-json\/wp\/v2\/media?parent=86087"}],"wp:term":[{"taxonomy":"category","embeddable":true,"href":"https:\/\/www.sudoestehoje.com.br\/novoportal\/wp-json\/wp\/v2\/categories?post=86087"},{"taxonomy":"post_tag","embeddable":true,"href":"https:\/\/www.sudoestehoje.com.br\/novoportal\/wp-json\/wp\/v2\/tags?post=86087"}],"curies":[{"name":"wp","href":"https:\/\/api.w.org\/{rel}","templated":true}]}}