
{"id":86079,"date":"2020-04-09T12:58:46","date_gmt":"2020-04-09T15:58:46","guid":{"rendered":"https:\/\/www.sudoestehoje.com.br\/novoportal\/?p=86079"},"modified":"2020-04-09T12:58:46","modified_gmt":"2020-04-09T15:58:46","slug":"conquista-rui-costa-vai-fechar-central-de-regulacao-deputados-governistas-se-calam","status":"publish","type":"post","link":"https:\/\/www.sudoestehoje.com.br\/novoportal\/2020\/04\/09\/conquista-rui-costa-vai-fechar-central-de-regulacao-deputados-governistas-se-calam\/","title":{"rendered":"CONQUISTA: RUI COSTA VAI FECHAR CENTRAL DE REGULA\u00c7\u00c3O; DEPUTADOS GOVERNISTAS SE CALAM"},"content":{"rendered":"<p><a href=\"https:\/\/www.sudoestehoje.com.br\/novoportal\/wp-content\/uploads\/2020\/04\/governador-1068x641.jpg\"><img loading=\"lazy\" decoding=\"async\" class=\"aligncenter size-medium wp-image-86081\" src=\"https:\/\/www.sudoestehoje.com.br\/novoportal\/wp-content\/uploads\/2020\/04\/governador-1068x641-500x300.jpg\" alt=\"\" width=\"500\" height=\"300\" srcset=\"https:\/\/www.sudoestehoje.com.br\/novoportal\/wp-content\/uploads\/2020\/04\/governador-1068x641-500x300.jpg 500w, https:\/\/www.sudoestehoje.com.br\/novoportal\/wp-content\/uploads\/2020\/04\/governador-1068x641-768x461.jpg 768w, https:\/\/www.sudoestehoje.com.br\/novoportal\/wp-content\/uploads\/2020\/04\/governador-1068x641-700x420.jpg 700w, https:\/\/www.sudoestehoje.com.br\/novoportal\/wp-content\/uploads\/2020\/04\/governador-1068x641.jpg 1068w\" sizes=\"auto, (max-width: 500px) 100vw, 500px\" \/><\/a><\/p>\n<p>No \u201cPapo Correria\u201d da \u00faltima ter\u00e7a-feira (07), o secret\u00e1rio de Sa\u00fade da Bahia, F\u00e1bio Vilas-Boas, ao lado do Governador Rui Costa, explicou as raz\u00f5es do fechamento das centrais de regula\u00e7\u00e3o de leitos do SUS no interior do Estado. O secret\u00e1rio de Rui Costa informou que houve a necessidade de fechar, visto que os resultados n\u00e3o estavam acontecendo como esperado.<\/p>\n<p><em>\u201cCada regional enxergava apenas os leitos e procedimentos oferecidos naquela regional e ela s\u00f3 acionava a central estadual quando o recurso n\u00e3o estava dispon\u00edvel, e acontecia frequentemente de um recurso estar dispon\u00edvel, em uma regi\u00e3o, e faltar em outra e uma n\u00e3o enxergar a outra e tinha que acionar a estadual, isso demandava mais tempo. N\u00f3s, inauguramos uma central integrada de sa\u00fade que cont\u00e9m ali uma Central estadual de regula\u00e7\u00e3o e dentro deste pr\u00e9dio moderno colocamos todos os complexos regionais, exceto o de Juazeiro. A partir de agora enxergamos o Estado inteiro e vai facilitar e agilizar muito mais a transfer\u00eancia dos pacientes\u201d<\/em>, disse o secret\u00e1rio.<\/p>\n<p>Em rela\u00e7\u00e3o \u00e0s centrais de <strong>Itabuna e de Vit\u00f3ria da Conquista<\/strong>, estima-se que a decis\u00e3o <strong>resulte em desemprego de quase 80 funcion\u00e1rios.<\/strong> Em rela\u00e7\u00e3o a estes funcion\u00e1rios, Rui Costa afirmou que os mesmos poder\u00e3o ser aproveitados por conta da demanda da sa\u00fade neste per\u00edodo, mas, nada est\u00e1 confirmado.<\/p>\n<p>Se n\u00e3o bastasse a calamidade que estamos passando por conta da pandemia do novo coronav\u00edrus, tudo indica que essa desastrosa decis\u00e3o vai afetar tamb\u00e9m a capacidade do servi\u00e7o prestado pela Sesab na \u00e1rea de alta complexidade. O que impressiona mais ainda \u00e9 o sil\u00eancio dos deputados de Conquista em rela\u00e7\u00e3o ao desmonte do SUS em nossa cidade. O que vai acontecer \u00e9 o isolamento do cidad\u00e3o em rela\u00e7\u00e3o ao SUS, ampliando ainda mais a crise que estamos enfrentando.<strong><em> \/\/Blog do Ivan Cordeiro<\/em><\/strong><\/p>\n","protected":false},"excerpt":{"rendered":"<p>No \u201cPapo Correria\u201d da \u00faltima ter\u00e7a-feira (07), o secret\u00e1rio de Sa\u00fade da Bahia, F\u00e1bio Vilas-Boas, ao lado do Governador Rui Costa, explicou as raz\u00f5es do fechamento das centrais de regula\u00e7\u00e3o de leitos do SUS no interior do Estado. O secret\u00e1rio de Rui Costa informou que houve a necessidade de fechar, visto que os resultados n\u00e3o [&hellip;]<\/p>\n","protected":false},"author":2,"featured_media":86081,"comment_status":"open","ping_status":"open","sticky":false,"template":"","format":"standard","meta":{"footnotes":"","_links_to":"","_links_to_target":""},"categories":[1],"tags":[],"class_list":["post-86079","post","type-post","status-publish","format-standard","has-post-thumbnail","hentry","category-geral"],"views":736,"_links":{"self":[{"href":"https:\/\/www.sudoestehoje.com.br\/novoportal\/wp-json\/wp\/v2\/posts\/86079","targetHints":{"allow":["GET"]}}],"collection":[{"href":"https:\/\/www.sudoestehoje.com.br\/novoportal\/wp-json\/wp\/v2\/posts"}],"about":[{"href":"https:\/\/www.sudoestehoje.com.br\/novoportal\/wp-json\/wp\/v2\/types\/post"}],"author":[{"embeddable":true,"href":"https:\/\/www.sudoestehoje.com.br\/novoportal\/wp-json\/wp\/v2\/users\/2"}],"replies":[{"embeddable":true,"href":"https:\/\/www.sudoestehoje.com.br\/novoportal\/wp-json\/wp\/v2\/comments?post=86079"}],"version-history":[{"count":2,"href":"https:\/\/www.sudoestehoje.com.br\/novoportal\/wp-json\/wp\/v2\/posts\/86079\/revisions"}],"predecessor-version":[{"id":86082,"href":"https:\/\/www.sudoestehoje.com.br\/novoportal\/wp-json\/wp\/v2\/posts\/86079\/revisions\/86082"}],"wp:featuredmedia":[{"embeddable":true,"href":"https:\/\/www.sudoestehoje.com.br\/novoportal\/wp-json\/wp\/v2\/media\/86081"}],"wp:attachment":[{"href":"https:\/\/www.sudoestehoje.com.br\/novoportal\/wp-json\/wp\/v2\/media?parent=86079"}],"wp:term":[{"taxonomy":"category","embeddable":true,"href":"https:\/\/www.sudoestehoje.com.br\/novoportal\/wp-json\/wp\/v2\/categories?post=86079"},{"taxonomy":"post_tag","embeddable":true,"href":"https:\/\/www.sudoestehoje.com.br\/novoportal\/wp-json\/wp\/v2\/tags?post=86079"}],"curies":[{"name":"wp","href":"https:\/\/api.w.org\/{rel}","templated":true}]}}