
{"id":86076,"date":"2020-04-09T12:47:18","date_gmt":"2020-04-09T15:47:18","guid":{"rendered":"https:\/\/www.sudoestehoje.com.br\/novoportal\/?p=86076"},"modified":"2020-04-09T12:47:18","modified_gmt":"2020-04-09T15:47:18","slug":"macarani-tradicional-festa-de-sao-pedro-e-cancelada-pelo-prefeito-miller-ferraz","status":"publish","type":"post","link":"https:\/\/www.sudoestehoje.com.br\/novoportal\/2020\/04\/09\/macarani-tradicional-festa-de-sao-pedro-e-cancelada-pelo-prefeito-miller-ferraz\/","title":{"rendered":"MACARANI: TRADICIONAL FESTA DE S\u00c3O PEDRO \u00c9 CANCELADA PELO PREFEITO MILLER FERRAZ"},"content":{"rendered":"<p><a href=\"https:\/\/www.sudoestehoje.com.br\/novoportal\/wp-content\/uploads\/2020\/04\/SP-MACA-1.jpg\"><img loading=\"lazy\" decoding=\"async\" class=\"aligncenter size-medium wp-image-86077\" src=\"https:\/\/www.sudoestehoje.com.br\/novoportal\/wp-content\/uploads\/2020\/04\/SP-MACA-1-500x281.jpg\" alt=\"\" width=\"500\" height=\"281\" srcset=\"https:\/\/www.sudoestehoje.com.br\/novoportal\/wp-content\/uploads\/2020\/04\/SP-MACA-1-500x281.jpg 500w, https:\/\/www.sudoestehoje.com.br\/novoportal\/wp-content\/uploads\/2020\/04\/SP-MACA-1.jpg 640w\" sizes=\"auto, (max-width: 500px) 100vw, 500px\" \/><\/a><\/p>\n<p>Uma das mais tradicionais festas juninas da regi\u00e3o, o <strong>S\u00e3o Pedro de Macarani<\/strong>, foi cancelada pelo prefeito Miller Ferraz, devido \u00e0 pandemia de Coronav\u00edrus.<\/p>\n<p>Apesar de n\u00e3o ter nenhum caso confirmado do COVID-19 no munic\u00edpio, o chefe do executivo, que \u00e9 m\u00e9dico, achou prudente cancelar a festa do padroeiro da cidade, a exemplo de in\u00fameros munic\u00edpios que tamb\u00e9m cancelaram os festejos de S\u00e3o Jo\u00e3o, Bahia afora.<\/p>\n<p>Em Macarani, a Secretaria de Sa\u00fade vem adotando medidas eficazes para n\u00e3o permitir o avan\u00e7o do Coronav\u00edrus, mantendo as escolas p\u00fablicas e particulares em recesso e fechando parte do com\u00e9rcio local, dentre outras.<\/p>\n<p><strong><em>Por Davi Ferraz<\/em><\/strong><\/p>\n","protected":false},"excerpt":{"rendered":"<p>Uma das mais tradicionais festas juninas da regi\u00e3o, o S\u00e3o Pedro de Macarani, foi cancelada pelo prefeito Miller Ferraz, devido \u00e0 pandemia de Coronav\u00edrus. Apesar de n\u00e3o ter nenhum caso confirmado do COVID-19 no munic\u00edpio, o chefe do executivo, que \u00e9 m\u00e9dico, achou prudente cancelar a festa do padroeiro da cidade, a exemplo de in\u00fameros [&hellip;]<\/p>\n","protected":false},"author":2,"featured_media":86077,"comment_status":"open","ping_status":"open","sticky":false,"template":"","format":"standard","meta":{"footnotes":"","_links_to":"","_links_to_target":""},"categories":[1],"tags":[],"class_list":["post-86076","post","type-post","status-publish","format-standard","has-post-thumbnail","hentry","category-geral"],"views":975,"_links":{"self":[{"href":"https:\/\/www.sudoestehoje.com.br\/novoportal\/wp-json\/wp\/v2\/posts\/86076","targetHints":{"allow":["GET"]}}],"collection":[{"href":"https:\/\/www.sudoestehoje.com.br\/novoportal\/wp-json\/wp\/v2\/posts"}],"about":[{"href":"https:\/\/www.sudoestehoje.com.br\/novoportal\/wp-json\/wp\/v2\/types\/post"}],"author":[{"embeddable":true,"href":"https:\/\/www.sudoestehoje.com.br\/novoportal\/wp-json\/wp\/v2\/users\/2"}],"replies":[{"embeddable":true,"href":"https:\/\/www.sudoestehoje.com.br\/novoportal\/wp-json\/wp\/v2\/comments?post=86076"}],"version-history":[{"count":1,"href":"https:\/\/www.sudoestehoje.com.br\/novoportal\/wp-json\/wp\/v2\/posts\/86076\/revisions"}],"predecessor-version":[{"id":86078,"href":"https:\/\/www.sudoestehoje.com.br\/novoportal\/wp-json\/wp\/v2\/posts\/86076\/revisions\/86078"}],"wp:featuredmedia":[{"embeddable":true,"href":"https:\/\/www.sudoestehoje.com.br\/novoportal\/wp-json\/wp\/v2\/media\/86077"}],"wp:attachment":[{"href":"https:\/\/www.sudoestehoje.com.br\/novoportal\/wp-json\/wp\/v2\/media?parent=86076"}],"wp:term":[{"taxonomy":"category","embeddable":true,"href":"https:\/\/www.sudoestehoje.com.br\/novoportal\/wp-json\/wp\/v2\/categories?post=86076"},{"taxonomy":"post_tag","embeddable":true,"href":"https:\/\/www.sudoestehoje.com.br\/novoportal\/wp-json\/wp\/v2\/tags?post=86076"}],"curies":[{"name":"wp","href":"https:\/\/api.w.org\/{rel}","templated":true}]}}