
{"id":86072,"date":"2020-04-09T11:33:07","date_gmt":"2020-04-09T14:33:07","guid":{"rendered":"https:\/\/www.sudoestehoje.com.br\/novoportal\/?p=86072"},"modified":"2020-04-09T11:33:07","modified_gmt":"2020-04-09T14:33:07","slug":"bahia-deve-registrar-ate-100-casos-de-coronavirus-por-dia-diz-secretario","status":"publish","type":"post","link":"https:\/\/www.sudoestehoje.com.br\/novoportal\/2020\/04\/09\/bahia-deve-registrar-ate-100-casos-de-coronavirus-por-dia-diz-secretario\/","title":{"rendered":"BAHIA DEVE REGISTRAR AT\u00c9 100 CASOS DE CORONAV\u00cdRUS POR DIA, DIZ SECRET\u00c1RIO"},"content":{"rendered":"<p><a href=\"https:\/\/www.sudoestehoje.com.br\/novoportal\/wp-content\/uploads\/2020\/04\/VILAS-BOAS.jpg\"><img loading=\"lazy\" decoding=\"async\" class=\"aligncenter size-medium wp-image-86074\" src=\"https:\/\/www.sudoestehoje.com.br\/novoportal\/wp-content\/uploads\/2020\/04\/VILAS-BOAS-500x281.jpg\" alt=\"\" width=\"500\" height=\"281\" srcset=\"https:\/\/www.sudoestehoje.com.br\/novoportal\/wp-content\/uploads\/2020\/04\/VILAS-BOAS-500x281.jpg 500w, https:\/\/www.sudoestehoje.com.br\/novoportal\/wp-content\/uploads\/2020\/04\/VILAS-BOAS-768x431.jpg 768w, https:\/\/www.sudoestehoje.com.br\/novoportal\/wp-content\/uploads\/2020\/04\/VILAS-BOAS-700x393.jpg 700w, https:\/\/www.sudoestehoje.com.br\/novoportal\/wp-content\/uploads\/2020\/04\/VILAS-BOAS.jpg 890w\" sizes=\"auto, (max-width: 500px) 100vw, 500px\" \/><\/a><\/p>\n<p>Na Bahia j\u00e1 s\u00e3o 515 casos da Covid-19, de acordo com o \u00faltimo boletim emitido pela Secretaria de Sa\u00fade do Estado (Sesab) na quarta-feira (8). A partir de agora, ser\u00e3o identificados por dia de 50 a 100 novos pacientes infectados com o v\u00edrus, segundo o titular da pasta, F\u00e1bio Vilas-Boas.<\/p>\n<p>Desde que o primeiro caso\u00a0foi identificado no estado, na primeira quinzena do m\u00eas de mar\u00e7o em Feira de Santana, o avan\u00e7o di\u00e1rio da doen\u00e7a chegou a ser de 60% ao dia, porcentagem que diminuiu durante o m\u00eas, quando a identifica\u00e7\u00e3o dos\u00a0casos chegou\u00a0a 20% &#8212; valor abaixo do projetado\u00a0pela pasta que previa o avan\u00e7o de 30%.<\/p>\n<p>&#8220;Agora estamos avan\u00e7ando 20% ao dia. Isso por um lado \u00e9 uma demonstra\u00e7\u00e3o clara do esfor\u00e7o coletivo que n\u00f3s estamos fazendo em todo o estado de\u00a0nos preservarmos, isolarmos, usarmos m\u00e1scaras e fazer a higiene das m\u00e3os. Mas, por outro lado, isso preocupa porque estamos vendo alguns grupos relaxando, pessoas indo pra ruas, confraternizar e beber. \u00c9 preciso dar um freio (&#8230;) As chances de voc\u00ea encontrar algu\u00e9m conhecido, vizinho e parente, com o coronav\u00edrus, \u00e9 muito maior do que dias atr\u00e1s, quando t\u00ednhamos dezenas de pessoas contaminadas&#8221;., disse durante entrevista na manh\u00e3 desta quinta (9) \u00e0 TV Bahia.<\/p>\n","protected":false},"excerpt":{"rendered":"<p>Na Bahia j\u00e1 s\u00e3o 515 casos da Covid-19, de acordo com o \u00faltimo boletim emitido pela Secretaria de Sa\u00fade do Estado (Sesab) na quarta-feira (8). A partir de agora, ser\u00e3o identificados por dia de 50 a 100 novos pacientes infectados com o v\u00edrus, segundo o titular da pasta, F\u00e1bio Vilas-Boas. Desde que o primeiro caso\u00a0foi [&hellip;]<\/p>\n","protected":false},"author":2,"featured_media":86074,"comment_status":"open","ping_status":"open","sticky":false,"template":"","format":"standard","meta":{"footnotes":"","_links_to":"","_links_to_target":""},"categories":[1],"tags":[],"class_list":["post-86072","post","type-post","status-publish","format-standard","has-post-thumbnail","hentry","category-geral"],"views":687,"_links":{"self":[{"href":"https:\/\/www.sudoestehoje.com.br\/novoportal\/wp-json\/wp\/v2\/posts\/86072","targetHints":{"allow":["GET"]}}],"collection":[{"href":"https:\/\/www.sudoestehoje.com.br\/novoportal\/wp-json\/wp\/v2\/posts"}],"about":[{"href":"https:\/\/www.sudoestehoje.com.br\/novoportal\/wp-json\/wp\/v2\/types\/post"}],"author":[{"embeddable":true,"href":"https:\/\/www.sudoestehoje.com.br\/novoportal\/wp-json\/wp\/v2\/users\/2"}],"replies":[{"embeddable":true,"href":"https:\/\/www.sudoestehoje.com.br\/novoportal\/wp-json\/wp\/v2\/comments?post=86072"}],"version-history":[{"count":2,"href":"https:\/\/www.sudoestehoje.com.br\/novoportal\/wp-json\/wp\/v2\/posts\/86072\/revisions"}],"predecessor-version":[{"id":86075,"href":"https:\/\/www.sudoestehoje.com.br\/novoportal\/wp-json\/wp\/v2\/posts\/86072\/revisions\/86075"}],"wp:featuredmedia":[{"embeddable":true,"href":"https:\/\/www.sudoestehoje.com.br\/novoportal\/wp-json\/wp\/v2\/media\/86074"}],"wp:attachment":[{"href":"https:\/\/www.sudoestehoje.com.br\/novoportal\/wp-json\/wp\/v2\/media?parent=86072"}],"wp:term":[{"taxonomy":"category","embeddable":true,"href":"https:\/\/www.sudoestehoje.com.br\/novoportal\/wp-json\/wp\/v2\/categories?post=86072"},{"taxonomy":"post_tag","embeddable":true,"href":"https:\/\/www.sudoestehoje.com.br\/novoportal\/wp-json\/wp\/v2\/tags?post=86072"}],"curies":[{"name":"wp","href":"https:\/\/api.w.org\/{rel}","templated":true}]}}