
{"id":86068,"date":"2020-04-09T11:25:17","date_gmt":"2020-04-09T14:25:17","guid":{"rendered":"https:\/\/www.sudoestehoje.com.br\/novoportal\/?p=86068"},"modified":"2020-04-09T11:25:17","modified_gmt":"2020-04-09T14:25:17","slug":"viacao-aguia-branca-demite-200-motoristas","status":"publish","type":"post","link":"https:\/\/www.sudoestehoje.com.br\/novoportal\/2020\/04\/09\/viacao-aguia-branca-demite-200-motoristas\/","title":{"rendered":"VIA\u00c7\u00c3O \u00c1GUIA BRANCA DEMITE 200 MOTORISTAS"},"content":{"rendered":"<p><a href=\"https:\/\/www.sudoestehoje.com.br\/novoportal\/wp-content\/uploads\/2020\/04\/aguia-branca.jpg\"><img loading=\"lazy\" decoding=\"async\" class=\"aligncenter size-medium wp-image-86070\" src=\"https:\/\/www.sudoestehoje.com.br\/novoportal\/wp-content\/uploads\/2020\/04\/aguia-branca-500x333.jpg\" alt=\"\" width=\"500\" height=\"333\" srcset=\"https:\/\/www.sudoestehoje.com.br\/novoportal\/wp-content\/uploads\/2020\/04\/aguia-branca-500x333.jpg 500w, https:\/\/www.sudoestehoje.com.br\/novoportal\/wp-content\/uploads\/2020\/04\/aguia-branca-768x512.jpg 768w, https:\/\/www.sudoestehoje.com.br\/novoportal\/wp-content\/uploads\/2020\/04\/aguia-branca-700x467.jpg 700w, https:\/\/www.sudoestehoje.com.br\/novoportal\/wp-content\/uploads\/2020\/04\/aguia-branca.jpg 1500w\" sizes=\"auto, (max-width: 500px) 100vw, 500px\" \/><\/a><\/p>\n<p>A empresa de \u00f4nibus Via\u00e7\u00e3o \u00c1guia Branca come\u00e7ou nesta quarta-feira (8) a demiss\u00e3o em massa de 200 motoristas da organiza\u00e7\u00e3o que possui sede em Salvador, Bahia.<\/p>\n<p>A empresa, que possui diversas linhas intermunicipais e interestaduais em v\u00e1rios estados como S\u00e3o Paulo, Rio de Janeiro, Minas Gerais, Esp\u00edrito Santo, Bahia e Sergipe, informou aos prestadores de servi\u00e7o que\u00a0por n\u00e3o operar como o esperado devido as restri\u00e7\u00f5es de decretos que fecham a entrada e sa\u00edda\u00a0de\u00a0diversas cidades por conta do novo coronav\u00edrus, foi necess\u00e1rio realizar o corte de parte do quadro de motoristas.<\/p>\n<p>Em Itapetinga, a \u00c1guia Branca opera linhas para Salvador e vice versa.<\/p>\n","protected":false},"excerpt":{"rendered":"<p>A empresa de \u00f4nibus Via\u00e7\u00e3o \u00c1guia Branca come\u00e7ou nesta quarta-feira (8) a demiss\u00e3o em massa de 200 motoristas da organiza\u00e7\u00e3o que possui sede em Salvador, Bahia. A empresa, que possui diversas linhas intermunicipais e interestaduais em v\u00e1rios estados como S\u00e3o Paulo, Rio de Janeiro, Minas Gerais, Esp\u00edrito Santo, Bahia e Sergipe, informou aos prestadores de [&hellip;]<\/p>\n","protected":false},"author":2,"featured_media":86070,"comment_status":"open","ping_status":"open","sticky":false,"template":"","format":"standard","meta":{"footnotes":"","_links_to":"","_links_to_target":""},"categories":[1],"tags":[],"class_list":["post-86068","post","type-post","status-publish","format-standard","has-post-thumbnail","hentry","category-geral"],"views":876,"_links":{"self":[{"href":"https:\/\/www.sudoestehoje.com.br\/novoportal\/wp-json\/wp\/v2\/posts\/86068","targetHints":{"allow":["GET"]}}],"collection":[{"href":"https:\/\/www.sudoestehoje.com.br\/novoportal\/wp-json\/wp\/v2\/posts"}],"about":[{"href":"https:\/\/www.sudoestehoje.com.br\/novoportal\/wp-json\/wp\/v2\/types\/post"}],"author":[{"embeddable":true,"href":"https:\/\/www.sudoestehoje.com.br\/novoportal\/wp-json\/wp\/v2\/users\/2"}],"replies":[{"embeddable":true,"href":"https:\/\/www.sudoestehoje.com.br\/novoportal\/wp-json\/wp\/v2\/comments?post=86068"}],"version-history":[{"count":2,"href":"https:\/\/www.sudoestehoje.com.br\/novoportal\/wp-json\/wp\/v2\/posts\/86068\/revisions"}],"predecessor-version":[{"id":86071,"href":"https:\/\/www.sudoestehoje.com.br\/novoportal\/wp-json\/wp\/v2\/posts\/86068\/revisions\/86071"}],"wp:featuredmedia":[{"embeddable":true,"href":"https:\/\/www.sudoestehoje.com.br\/novoportal\/wp-json\/wp\/v2\/media\/86070"}],"wp:attachment":[{"href":"https:\/\/www.sudoestehoje.com.br\/novoportal\/wp-json\/wp\/v2\/media?parent=86068"}],"wp:term":[{"taxonomy":"category","embeddable":true,"href":"https:\/\/www.sudoestehoje.com.br\/novoportal\/wp-json\/wp\/v2\/categories?post=86068"},{"taxonomy":"post_tag","embeddable":true,"href":"https:\/\/www.sudoestehoje.com.br\/novoportal\/wp-json\/wp\/v2\/tags?post=86068"}],"curies":[{"name":"wp","href":"https:\/\/api.w.org\/{rel}","templated":true}]}}