
{"id":86057,"date":"2020-04-08T15:31:13","date_gmt":"2020-04-08T18:31:13","guid":{"rendered":"https:\/\/www.sudoestehoje.com.br\/novoportal\/?p=86057"},"modified":"2020-04-08T17:31:33","modified_gmt":"2020-04-08T20:31:33","slug":"itapetinga-lacen-confirma-2o-caso-de-covid-19-no-municipio-paciente-tem-54-anos","status":"publish","type":"post","link":"https:\/\/www.sudoestehoje.com.br\/novoportal\/2020\/04\/08\/itapetinga-lacen-confirma-2o-caso-de-covid-19-no-municipio-paciente-tem-54-anos\/","title":{"rendered":"ITAPETINGA: LACEN CONFIRMA 2\u00ba CASO DE COVID-19 NO MUNIC\u00cdPIO; PACIENTE TEM 54 ANOS"},"content":{"rendered":"<div><a href=\"https:\/\/www.sudoestehoje.com.br\/novoportal\/wp-content\/uploads\/2020\/04\/shutterstock_1625317099.jpg\"><img loading=\"lazy\" decoding=\"async\" class=\"aligncenter size-medium wp-image-86060\" src=\"https:\/\/www.sudoestehoje.com.br\/novoportal\/wp-content\/uploads\/2020\/04\/shutterstock_1625317099-500x262.jpg\" alt=\"\" width=\"500\" height=\"262\" srcset=\"https:\/\/www.sudoestehoje.com.br\/novoportal\/wp-content\/uploads\/2020\/04\/shutterstock_1625317099-500x262.jpg 500w, https:\/\/www.sudoestehoje.com.br\/novoportal\/wp-content\/uploads\/2020\/04\/shutterstock_1625317099-768x402.jpg 768w, https:\/\/www.sudoestehoje.com.br\/novoportal\/wp-content\/uploads\/2020\/04\/shutterstock_1625317099-700x366.jpg 700w, https:\/\/www.sudoestehoje.com.br\/novoportal\/wp-content\/uploads\/2020\/04\/shutterstock_1625317099.jpg 1200w\" sizes=\"auto, (max-width: 500px) 100vw, 500px\" \/><\/a><\/div>\n<div class=\"entry-headline h5\">Itapetinga registra nesta quarta-feira, 08, seu segundo caso positivo de Covid-19. Um homem de 54 anos, vindo de Salvador no dia 22 de mar\u00e7o, come\u00e7ou a apresentar sintomas como febre, tosse e coriza. Ele se isolou em casa e entrou em contato com a Vigil\u00e2ncia Epidemiol\u00f3gica que seguiu o protocolo com consulta, orienta\u00e7\u00e3o e monitoramento.<\/div>\n<p>No dia 03 de abril o material foi coletado para an\u00e1lise e enviado para o Lacen. Cinco dias depois, o resultado positivo foi confirmado.<\/p>\n<p>O paciente continua em isolamento e monitorado, mas n\u00e3o teve agravamento dos sintomas e passa bem. Outras duas pessoas est\u00e3o em isolamento porque tiveram contato com ele, mas permanecem assintom\u00e1ticos.<\/p>\n","protected":false},"excerpt":{"rendered":"<p>Itapetinga registra nesta quarta-feira, 08, seu segundo caso positivo de Covid-19. Um homem de 54 anos, vindo de Salvador no dia 22 de mar\u00e7o, come\u00e7ou a apresentar sintomas como febre, tosse e coriza. Ele se isolou em casa e entrou em contato com a Vigil\u00e2ncia Epidemiol\u00f3gica que seguiu o protocolo com consulta, orienta\u00e7\u00e3o e monitoramento. [&hellip;]<\/p>\n","protected":false},"author":2,"featured_media":86060,"comment_status":"open","ping_status":"open","sticky":false,"template":"","format":"standard","meta":{"footnotes":"","_links_to":"","_links_to_target":""},"categories":[1],"tags":[],"class_list":["post-86057","post","type-post","status-publish","format-standard","has-post-thumbnail","hentry","category-geral"],"views":730,"_links":{"self":[{"href":"https:\/\/www.sudoestehoje.com.br\/novoportal\/wp-json\/wp\/v2\/posts\/86057","targetHints":{"allow":["GET"]}}],"collection":[{"href":"https:\/\/www.sudoestehoje.com.br\/novoportal\/wp-json\/wp\/v2\/posts"}],"about":[{"href":"https:\/\/www.sudoestehoje.com.br\/novoportal\/wp-json\/wp\/v2\/types\/post"}],"author":[{"embeddable":true,"href":"https:\/\/www.sudoestehoje.com.br\/novoportal\/wp-json\/wp\/v2\/users\/2"}],"replies":[{"embeddable":true,"href":"https:\/\/www.sudoestehoje.com.br\/novoportal\/wp-json\/wp\/v2\/comments?post=86057"}],"version-history":[{"count":3,"href":"https:\/\/www.sudoestehoje.com.br\/novoportal\/wp-json\/wp\/v2\/posts\/86057\/revisions"}],"predecessor-version":[{"id":86061,"href":"https:\/\/www.sudoestehoje.com.br\/novoportal\/wp-json\/wp\/v2\/posts\/86057\/revisions\/86061"}],"wp:featuredmedia":[{"embeddable":true,"href":"https:\/\/www.sudoestehoje.com.br\/novoportal\/wp-json\/wp\/v2\/media\/86060"}],"wp:attachment":[{"href":"https:\/\/www.sudoestehoje.com.br\/novoportal\/wp-json\/wp\/v2\/media?parent=86057"}],"wp:term":[{"taxonomy":"category","embeddable":true,"href":"https:\/\/www.sudoestehoje.com.br\/novoportal\/wp-json\/wp\/v2\/categories?post=86057"},{"taxonomy":"post_tag","embeddable":true,"href":"https:\/\/www.sudoestehoje.com.br\/novoportal\/wp-json\/wp\/v2\/tags?post=86057"}],"curies":[{"name":"wp","href":"https:\/\/api.w.org\/{rel}","templated":true}]}}