
{"id":86032,"date":"2020-04-07T19:37:23","date_gmt":"2020-04-07T22:37:23","guid":{"rendered":"https:\/\/www.sudoestehoje.com.br\/novoportal\/?p=86032"},"modified":"2020-04-07T20:03:25","modified_gmt":"2020-04-07T23:03:25","slug":"caso-rafaela-bebe-que-nasceu-em-itapetinga-atestou-positivo-para-o-covid-19-exame-do-pai-deu-negativo","status":"publish","type":"post","link":"https:\/\/www.sudoestehoje.com.br\/novoportal\/2020\/04\/07\/caso-rafaela-bebe-que-nasceu-em-itapetinga-atestou-positivo-para-o-covid-19-exame-do-pai-deu-negativo\/","title":{"rendered":"CASO RAFAELA: BEB\u00ca QUE NASCEU EM ITAPETINGA ATESTOU POSITIVO PARA O COVID-19; EXAME DO PAI DEU NEGATIVO"},"content":{"rendered":"<p><a href=\"https:\/\/www.sudoestehoje.com.br\/novoportal\/wp-content\/uploads\/2020\/04\/rafaela.jpg\"><img loading=\"lazy\" decoding=\"async\" class=\"aligncenter size-medium wp-image-86033\" src=\"https:\/\/www.sudoestehoje.com.br\/novoportal\/wp-content\/uploads\/2020\/04\/rafaela-500x313.jpg\" alt=\"\" width=\"500\" height=\"313\" srcset=\"https:\/\/www.sudoestehoje.com.br\/novoportal\/wp-content\/uploads\/2020\/04\/rafaela-500x313.jpg 500w, https:\/\/www.sudoestehoje.com.br\/novoportal\/wp-content\/uploads\/2020\/04\/rafaela-768x481.jpg 768w, https:\/\/www.sudoestehoje.com.br\/novoportal\/wp-content\/uploads\/2020\/04\/rafaela-700x438.jpg 700w, https:\/\/www.sudoestehoje.com.br\/novoportal\/wp-content\/uploads\/2020\/04\/rafaela.jpg 984w\" sizes=\"auto, (max-width: 500px) 100vw, 500px\" \/><\/a><\/p>\n<p>Uma not\u00edcia triste chegou a Itapetinga, na noite desta ter\u00e7a-feira (7), dando conta de que o beb\u00ea da jovem Rafaela, que veio a \u00f3bito dias ap\u00f3s dar a luz no Hospital Cristo Redentor, tamb\u00e9m atestou positivo para o Covid-19, conhecido por Coronav\u00edrus.<\/p>\n<p>A not\u00edcia foi dada pelo pr\u00f3prio pai da crian\u00e7a, atrav\u00e9s de v\u00eddeo nas redes sociais.<\/p>\n<p><a href=\"https:\/\/www.sudoestehoje.com.br\/novoportal\/wp-content\/uploads\/2020\/04\/LAUDO-BEBE.jpg\"><img loading=\"lazy\" decoding=\"async\" class=\"aligncenter size-medium wp-image-86036\" src=\"https:\/\/www.sudoestehoje.com.br\/novoportal\/wp-content\/uploads\/2020\/04\/LAUDO-BEBE-500x251.jpg\" alt=\"\" width=\"500\" height=\"251\" srcset=\"https:\/\/www.sudoestehoje.com.br\/novoportal\/wp-content\/uploads\/2020\/04\/LAUDO-BEBE-500x251.jpg 500w, https:\/\/www.sudoestehoje.com.br\/novoportal\/wp-content\/uploads\/2020\/04\/LAUDO-BEBE-700x351.jpg 700w, https:\/\/www.sudoestehoje.com.br\/novoportal\/wp-content\/uploads\/2020\/04\/LAUDO-BEBE.jpg 760w\" sizes=\"auto, (max-width: 500px) 100vw, 500px\" \/><\/a><\/p>\n<p>O caso de Rafaela e sua filha teve repercuss\u00e3o nacional, atrav\u00e9s de reportagens na Folha de S\u00e3o Paulo e no Fant\u00e1stico, da Rede Globo, causando como\u00e7\u00e3o em todo o pa\u00eds.<\/p>\n<p>O beb\u00ea foi levado pelo seu pai, ap\u00f3s o sepultamento de Rafaela, para o distrito de Trancoso, em Porto Seguro, onde a fam\u00edlia reside. L\u00e1, o material para exame da crian\u00e7a e seus familiares foi colhido e encaminhado ao Lacen, para an\u00e1lise.<\/p>\n<p>O caso positivo foi computado pela Sesab como ocorr\u00eancia de Porto Seguro, e n\u00e3o de Itapetinga, que continua com apenas um caso confirmado para o Covid-19<\/p>\n<p>Os resultados dos testes do pai e familiares deram todos negativos.<\/p>\n<p><strong><em>Por Davi Ferraz<\/em><\/strong><\/p>\n","protected":false},"excerpt":{"rendered":"<p>Uma not\u00edcia triste chegou a Itapetinga, na noite desta ter\u00e7a-feira (7), dando conta de que o beb\u00ea da jovem Rafaela, que veio a \u00f3bito dias ap\u00f3s dar a luz no Hospital Cristo Redentor, tamb\u00e9m atestou positivo para o Covid-19, conhecido por Coronav\u00edrus. A not\u00edcia foi dada pelo pr\u00f3prio pai da crian\u00e7a, atrav\u00e9s de v\u00eddeo nas [&hellip;]<\/p>\n","protected":false},"author":2,"featured_media":86033,"comment_status":"open","ping_status":"open","sticky":false,"template":"","format":"standard","meta":{"footnotes":"","_links_to":"","_links_to_target":""},"categories":[1],"tags":[],"class_list":["post-86032","post","type-post","status-publish","format-standard","has-post-thumbnail","hentry","category-geral"],"views":1119,"_links":{"self":[{"href":"https:\/\/www.sudoestehoje.com.br\/novoportal\/wp-json\/wp\/v2\/posts\/86032","targetHints":{"allow":["GET"]}}],"collection":[{"href":"https:\/\/www.sudoestehoje.com.br\/novoportal\/wp-json\/wp\/v2\/posts"}],"about":[{"href":"https:\/\/www.sudoestehoje.com.br\/novoportal\/wp-json\/wp\/v2\/types\/post"}],"author":[{"embeddable":true,"href":"https:\/\/www.sudoestehoje.com.br\/novoportal\/wp-json\/wp\/v2\/users\/2"}],"replies":[{"embeddable":true,"href":"https:\/\/www.sudoestehoje.com.br\/novoportal\/wp-json\/wp\/v2\/comments?post=86032"}],"version-history":[{"count":6,"href":"https:\/\/www.sudoestehoje.com.br\/novoportal\/wp-json\/wp\/v2\/posts\/86032\/revisions"}],"predecessor-version":[{"id":86040,"href":"https:\/\/www.sudoestehoje.com.br\/novoportal\/wp-json\/wp\/v2\/posts\/86032\/revisions\/86040"}],"wp:featuredmedia":[{"embeddable":true,"href":"https:\/\/www.sudoestehoje.com.br\/novoportal\/wp-json\/wp\/v2\/media\/86033"}],"wp:attachment":[{"href":"https:\/\/www.sudoestehoje.com.br\/novoportal\/wp-json\/wp\/v2\/media?parent=86032"}],"wp:term":[{"taxonomy":"category","embeddable":true,"href":"https:\/\/www.sudoestehoje.com.br\/novoportal\/wp-json\/wp\/v2\/categories?post=86032"},{"taxonomy":"post_tag","embeddable":true,"href":"https:\/\/www.sudoestehoje.com.br\/novoportal\/wp-json\/wp\/v2\/tags?post=86032"}],"curies":[{"name":"wp","href":"https:\/\/api.w.org\/{rel}","templated":true}]}}