
{"id":86029,"date":"2020-04-07T19:05:54","date_gmt":"2020-04-07T22:05:54","guid":{"rendered":"https:\/\/www.sudoestehoje.com.br\/novoportal\/?p=86029"},"modified":"2020-04-07T19:05:54","modified_gmt":"2020-04-07T22:05:54","slug":"renata-mello-demite-180-em-macarani","status":"publish","type":"post","link":"https:\/\/www.sudoestehoje.com.br\/novoportal\/2020\/04\/07\/renata-mello-demite-180-em-macarani\/","title":{"rendered":"RENATA MELLO DEMITE 180 EM MACARANI"},"content":{"rendered":"<p><a href=\"https:\/\/www.sudoestehoje.com.br\/novoportal\/wp-content\/uploads\/2020\/04\/renata-melo-mac.jpg\"><img loading=\"lazy\" decoding=\"async\" class=\"aligncenter size-medium wp-image-86030\" src=\"https:\/\/www.sudoestehoje.com.br\/novoportal\/wp-content\/uploads\/2020\/04\/renata-melo-mac-500x281.jpg\" alt=\"\" width=\"500\" height=\"281\" srcset=\"https:\/\/www.sudoestehoje.com.br\/novoportal\/wp-content\/uploads\/2020\/04\/renata-melo-mac-500x281.jpg 500w, https:\/\/www.sudoestehoje.com.br\/novoportal\/wp-content\/uploads\/2020\/04\/renata-melo-mac-768x432.jpg 768w, https:\/\/www.sudoestehoje.com.br\/novoportal\/wp-content\/uploads\/2020\/04\/renata-melo-mac-700x394.jpg 700w, https:\/\/www.sudoestehoje.com.br\/novoportal\/wp-content\/uploads\/2020\/04\/renata-melo-mac.jpg 960w\" sizes=\"auto, (max-width: 500px) 100vw, 500px\" \/><\/a><\/p>\n<p>Depois de Itarantim, foi a vez de Macarani receber a p\u00e9ssima not\u00edcia de fechamento da sua unidade da Renata Mello, com demiss\u00e3o de cerca de 180 empregados.<\/p>\n<p>De in\u00edcio, foi dado aviso pr\u00e9vio de 30 dias, na forma da legisla\u00e7\u00e3o trabalhista. Ap\u00f3s esse prazo, todos estar\u00e3o demitidos e receber\u00e3o as parcelas rescis\u00f3rias previstas na CLT, com libera\u00e7\u00e3o do Seguro Desemprego.<\/p>\n<p>A dire\u00e7\u00e3o da empresa alega dificuldades causadas pela paralisa\u00e7\u00e3o da economia causada pela pandemia do Coronav\u00edrus.<\/p>\n<p><em><strong>Por Davi Ferraz\u00a0<\/strong><\/em><\/p>\n","protected":false},"excerpt":{"rendered":"<p>Depois de Itarantim, foi a vez de Macarani receber a p\u00e9ssima not\u00edcia de fechamento da sua unidade da Renata Mello, com demiss\u00e3o de cerca de 180 empregados. De in\u00edcio, foi dado aviso pr\u00e9vio de 30 dias, na forma da legisla\u00e7\u00e3o trabalhista. Ap\u00f3s esse prazo, todos estar\u00e3o demitidos e receber\u00e3o as parcelas rescis\u00f3rias previstas na CLT, [&hellip;]<\/p>\n","protected":false},"author":2,"featured_media":86030,"comment_status":"open","ping_status":"open","sticky":false,"template":"","format":"standard","meta":{"footnotes":"","_links_to":"","_links_to_target":""},"categories":[1],"tags":[],"class_list":["post-86029","post","type-post","status-publish","format-standard","has-post-thumbnail","hentry","category-geral"],"views":1447,"_links":{"self":[{"href":"https:\/\/www.sudoestehoje.com.br\/novoportal\/wp-json\/wp\/v2\/posts\/86029","targetHints":{"allow":["GET"]}}],"collection":[{"href":"https:\/\/www.sudoestehoje.com.br\/novoportal\/wp-json\/wp\/v2\/posts"}],"about":[{"href":"https:\/\/www.sudoestehoje.com.br\/novoportal\/wp-json\/wp\/v2\/types\/post"}],"author":[{"embeddable":true,"href":"https:\/\/www.sudoestehoje.com.br\/novoportal\/wp-json\/wp\/v2\/users\/2"}],"replies":[{"embeddable":true,"href":"https:\/\/www.sudoestehoje.com.br\/novoportal\/wp-json\/wp\/v2\/comments?post=86029"}],"version-history":[{"count":1,"href":"https:\/\/www.sudoestehoje.com.br\/novoportal\/wp-json\/wp\/v2\/posts\/86029\/revisions"}],"predecessor-version":[{"id":86031,"href":"https:\/\/www.sudoestehoje.com.br\/novoportal\/wp-json\/wp\/v2\/posts\/86029\/revisions\/86031"}],"wp:featuredmedia":[{"embeddable":true,"href":"https:\/\/www.sudoestehoje.com.br\/novoportal\/wp-json\/wp\/v2\/media\/86030"}],"wp:attachment":[{"href":"https:\/\/www.sudoestehoje.com.br\/novoportal\/wp-json\/wp\/v2\/media?parent=86029"}],"wp:term":[{"taxonomy":"category","embeddable":true,"href":"https:\/\/www.sudoestehoje.com.br\/novoportal\/wp-json\/wp\/v2\/categories?post=86029"},{"taxonomy":"post_tag","embeddable":true,"href":"https:\/\/www.sudoestehoje.com.br\/novoportal\/wp-json\/wp\/v2\/tags?post=86029"}],"curies":[{"name":"wp","href":"https:\/\/api.w.org\/{rel}","templated":true}]}}