
{"id":86023,"date":"2020-04-07T16:52:32","date_gmt":"2020-04-07T19:52:32","guid":{"rendered":"https:\/\/www.sudoestehoje.com.br\/novoportal\/?p=86023"},"modified":"2020-04-07T16:52:32","modified_gmt":"2020-04-07T19:52:32","slug":"urgente-demissoes-na-renata-mello-e-subsidiarias-podem-atingir-cerca-de-1-100-empregados-na-regiao","status":"publish","type":"post","link":"https:\/\/www.sudoestehoje.com.br\/novoportal\/2020\/04\/07\/urgente-demissoes-na-renata-mello-e-subsidiarias-podem-atingir-cerca-de-1-100-empregados-na-regiao\/","title":{"rendered":"URGENTE! DEMISS\u00d5ES NA RENATA MELLO E SUBSIDI\u00c1RIAS PODEM ATINGIR CERCA DE 1.100 EMPREGADOS NA REGI\u00c3O"},"content":{"rendered":"<p><a href=\"https:\/\/www.sudoestehoje.com.br\/novoportal\/wp-content\/uploads\/2020\/04\/renata-fecha.jpg\"><img loading=\"lazy\" decoding=\"async\" class=\"aligncenter size-medium wp-image-86024\" src=\"https:\/\/www.sudoestehoje.com.br\/novoportal\/wp-content\/uploads\/2020\/04\/renata-fecha-500x333.jpg\" alt=\"\" width=\"500\" height=\"333\" srcset=\"https:\/\/www.sudoestehoje.com.br\/novoportal\/wp-content\/uploads\/2020\/04\/renata-fecha-500x333.jpg 500w, https:\/\/www.sudoestehoje.com.br\/novoportal\/wp-content\/uploads\/2020\/04\/renata-fecha-768x512.jpg 768w, https:\/\/www.sudoestehoje.com.br\/novoportal\/wp-content\/uploads\/2020\/04\/renata-fecha-700x466.jpg 700w, https:\/\/www.sudoestehoje.com.br\/novoportal\/wp-content\/uploads\/2020\/04\/renata-fecha.jpg 1280w\" sizes=\"auto, (max-width: 500px) 100vw, 500px\" \/><\/a><\/p>\n<p>O an\u00fancio de demiss\u00f5es na f\u00e1brica da Renata Mello em Itarantim, com cerca de 400 empregados, acendeu a &#8216;luz vermelha&#8217;\u00a0 em toda a regi\u00e3o, onde a ind\u00fastria mantem v\u00e1rias unidades fabris e algumas subsidi\u00e1rias.<\/p>\n<p>Segundo os primeiros c\u00e1lculos, cerca de 1.100 empregados da Renata Mello e Susana Santos ser\u00e3o atingidos com as demiss\u00f5es, gerando um enorme impacto na economia regional.<\/p>\n<p>As demais unidades da Renata Mello est\u00e3o localizadas em<strong><em> Itapetinga, Macarani, Maiquinique, Potiragu\u00e1 e Igua\u00ed.<\/em><\/strong><\/p>\n<p>At\u00e9 a pr\u00f3xima quinta-feira (9), segundo apurou o Sudoeste Hoje, todos os empregados dessas unidade entram em regime de Aviso Pr\u00e9vio, por 30 dias, com direito aos sal\u00e1rios, parcelas rescis\u00f3rias e Seguro Desemprego.<\/p>\n<p>Aguardem mais informa\u00e7\u00f5es&#8230;<\/p>\n<p><strong><em>Por Davi Ferraz<\/em><\/strong><\/p>\n","protected":false},"excerpt":{"rendered":"<p>O an\u00fancio de demiss\u00f5es na f\u00e1brica da Renata Mello em Itarantim, com cerca de 400 empregados, acendeu a &#8216;luz vermelha&#8217;\u00a0 em toda a regi\u00e3o, onde a ind\u00fastria mantem v\u00e1rias unidades fabris e algumas subsidi\u00e1rias. Segundo os primeiros c\u00e1lculos, cerca de 1.100 empregados da Renata Mello e Susana Santos ser\u00e3o atingidos com as demiss\u00f5es, gerando um [&hellip;]<\/p>\n","protected":false},"author":2,"featured_media":86024,"comment_status":"open","ping_status":"open","sticky":false,"template":"","format":"standard","meta":{"footnotes":"","_links_to":"","_links_to_target":""},"categories":[1],"tags":[],"class_list":["post-86023","post","type-post","status-publish","format-standard","has-post-thumbnail","hentry","category-geral"],"views":857,"_links":{"self":[{"href":"https:\/\/www.sudoestehoje.com.br\/novoportal\/wp-json\/wp\/v2\/posts\/86023","targetHints":{"allow":["GET"]}}],"collection":[{"href":"https:\/\/www.sudoestehoje.com.br\/novoportal\/wp-json\/wp\/v2\/posts"}],"about":[{"href":"https:\/\/www.sudoestehoje.com.br\/novoportal\/wp-json\/wp\/v2\/types\/post"}],"author":[{"embeddable":true,"href":"https:\/\/www.sudoestehoje.com.br\/novoportal\/wp-json\/wp\/v2\/users\/2"}],"replies":[{"embeddable":true,"href":"https:\/\/www.sudoestehoje.com.br\/novoportal\/wp-json\/wp\/v2\/comments?post=86023"}],"version-history":[{"count":4,"href":"https:\/\/www.sudoestehoje.com.br\/novoportal\/wp-json\/wp\/v2\/posts\/86023\/revisions"}],"predecessor-version":[{"id":86028,"href":"https:\/\/www.sudoestehoje.com.br\/novoportal\/wp-json\/wp\/v2\/posts\/86023\/revisions\/86028"}],"wp:featuredmedia":[{"embeddable":true,"href":"https:\/\/www.sudoestehoje.com.br\/novoportal\/wp-json\/wp\/v2\/media\/86024"}],"wp:attachment":[{"href":"https:\/\/www.sudoestehoje.com.br\/novoportal\/wp-json\/wp\/v2\/media?parent=86023"}],"wp:term":[{"taxonomy":"category","embeddable":true,"href":"https:\/\/www.sudoestehoje.com.br\/novoportal\/wp-json\/wp\/v2\/categories?post=86023"},{"taxonomy":"post_tag","embeddable":true,"href":"https:\/\/www.sudoestehoje.com.br\/novoportal\/wp-json\/wp\/v2\/tags?post=86023"}],"curies":[{"name":"wp","href":"https:\/\/api.w.org\/{rel}","templated":true}]}}