
{"id":86017,"date":"2020-04-07T14:57:37","date_gmt":"2020-04-07T17:57:37","guid":{"rendered":"https:\/\/www.sudoestehoje.com.br\/novoportal\/?p=86017"},"modified":"2020-04-07T14:57:37","modified_gmt":"2020-04-07T17:57:37","slug":"itarantim-renata-mello-da-aviso-previo-e-anuncia-demissao-em-massa-de-mais-de-300-empregados","status":"publish","type":"post","link":"https:\/\/www.sudoestehoje.com.br\/novoportal\/2020\/04\/07\/itarantim-renata-mello-da-aviso-previo-e-anuncia-demissao-em-massa-de-mais-de-300-empregados\/","title":{"rendered":"ITARANTIM: RENATA MELLO D\u00c1 AVISO PR\u00c9VIO E ANUNCIA DEMISS\u00c3O EM MASSA DE MAIS DE 300 EMPREGADOS"},"content":{"rendered":"<p><a href=\"https:\/\/www.sudoestehoje.com.br\/novoportal\/wp-content\/uploads\/2020\/04\/renata.jpg\"><img loading=\"lazy\" decoding=\"async\" class=\"aligncenter size-medium wp-image-86018\" src=\"https:\/\/www.sudoestehoje.com.br\/novoportal\/wp-content\/uploads\/2020\/04\/renata-500x243.jpg\" alt=\"\" width=\"500\" height=\"243\" srcset=\"https:\/\/www.sudoestehoje.com.br\/novoportal\/wp-content\/uploads\/2020\/04\/renata-500x243.jpg 500w, https:\/\/www.sudoestehoje.com.br\/novoportal\/wp-content\/uploads\/2020\/04\/renata-768x374.jpg 768w, https:\/\/www.sudoestehoje.com.br\/novoportal\/wp-content\/uploads\/2020\/04\/renata-700x340.jpg 700w, https:\/\/www.sudoestehoje.com.br\/novoportal\/wp-content\/uploads\/2020\/04\/renata.jpg 1100w\" sizes=\"auto, (max-width: 500px) 100vw, 500px\" \/><\/a><\/p>\n<p>Na manh\u00e3 desta ter\u00e7a-feira, a f\u00e1brica de cal\u00e7ados Renata Mello anunciou a demiss\u00e3o e colocou em Aviso Pr\u00e9vio todos os seus colaboradores na unidade de Itarantim, cidade onde a empresa iniciou as suas atividades na regi\u00e3o.<\/p>\n<p>A dire\u00e7\u00e3o da empresa justificou a sua dificuldade em manter o pagamento dos sal\u00e1rios de seus empregados, na atual conjuntura, diante da decis\u00e3o de manter em casa todos seus colaboradores, em decorr\u00eancia da pandemia de Coronav\u00edrus.<\/p>\n<p>A empresa ainda n\u00e3o se posicionou em rela\u00e7\u00e3o \u00e0s outras unidades na regi\u00e3o, localizadas em Itapetinga e Macarani.<\/p>\n<p><strong><em>Por Davi Ferraz\u00a0<\/em><\/strong><\/p>\n","protected":false},"excerpt":{"rendered":"<p>Na manh\u00e3 desta ter\u00e7a-feira, a f\u00e1brica de cal\u00e7ados Renata Mello anunciou a demiss\u00e3o e colocou em Aviso Pr\u00e9vio todos os seus colaboradores na unidade de Itarantim, cidade onde a empresa iniciou as suas atividades na regi\u00e3o. A dire\u00e7\u00e3o da empresa justificou a sua dificuldade em manter o pagamento dos sal\u00e1rios de seus empregados, na atual [&hellip;]<\/p>\n","protected":false},"author":2,"featured_media":86018,"comment_status":"open","ping_status":"open","sticky":false,"template":"","format":"standard","meta":{"footnotes":"","_links_to":"","_links_to_target":""},"categories":[1],"tags":[],"class_list":["post-86017","post","type-post","status-publish","format-standard","has-post-thumbnail","hentry","category-geral"],"views":989,"_links":{"self":[{"href":"https:\/\/www.sudoestehoje.com.br\/novoportal\/wp-json\/wp\/v2\/posts\/86017","targetHints":{"allow":["GET"]}}],"collection":[{"href":"https:\/\/www.sudoestehoje.com.br\/novoportal\/wp-json\/wp\/v2\/posts"}],"about":[{"href":"https:\/\/www.sudoestehoje.com.br\/novoportal\/wp-json\/wp\/v2\/types\/post"}],"author":[{"embeddable":true,"href":"https:\/\/www.sudoestehoje.com.br\/novoportal\/wp-json\/wp\/v2\/users\/2"}],"replies":[{"embeddable":true,"href":"https:\/\/www.sudoestehoje.com.br\/novoportal\/wp-json\/wp\/v2\/comments?post=86017"}],"version-history":[{"count":2,"href":"https:\/\/www.sudoestehoje.com.br\/novoportal\/wp-json\/wp\/v2\/posts\/86017\/revisions"}],"predecessor-version":[{"id":86020,"href":"https:\/\/www.sudoestehoje.com.br\/novoportal\/wp-json\/wp\/v2\/posts\/86017\/revisions\/86020"}],"wp:featuredmedia":[{"embeddable":true,"href":"https:\/\/www.sudoestehoje.com.br\/novoportal\/wp-json\/wp\/v2\/media\/86018"}],"wp:attachment":[{"href":"https:\/\/www.sudoestehoje.com.br\/novoportal\/wp-json\/wp\/v2\/media?parent=86017"}],"wp:term":[{"taxonomy":"category","embeddable":true,"href":"https:\/\/www.sudoestehoje.com.br\/novoportal\/wp-json\/wp\/v2\/categories?post=86017"},{"taxonomy":"post_tag","embeddable":true,"href":"https:\/\/www.sudoestehoje.com.br\/novoportal\/wp-json\/wp\/v2\/tags?post=86017"}],"curies":[{"name":"wp","href":"https:\/\/api.w.org\/{rel}","templated":true}]}}