
{"id":86011,"date":"2020-04-06T22:36:30","date_gmt":"2020-04-07T01:36:30","guid":{"rendered":"https:\/\/www.sudoestehoje.com.br\/novoportal\/?p=86011"},"modified":"2020-04-06T22:38:11","modified_gmt":"2020-04-07T01:38:11","slug":"itapetinga-teste-de-do-pedreiro-que-morreu-no-hcr-da-negativo","status":"publish","type":"post","link":"https:\/\/www.sudoestehoje.com.br\/novoportal\/2020\/04\/06\/itapetinga-teste-de-do-pedreiro-que-morreu-no-hcr-da-negativo\/","title":{"rendered":"ITAPETINGA: TESTE DO PEDREIRO QUE MORREU NO HCR D\u00c1 NEGATIVO PELO LACEN"},"content":{"rendered":"<p><a href=\"https:\/\/www.sudoestehoje.com.br\/novoportal\/wp-content\/uploads\/2020\/04\/A-9.jpg\"><img loading=\"lazy\" decoding=\"async\" class=\"wp-image-86013 alignleft\" src=\"https:\/\/www.sudoestehoje.com.br\/novoportal\/wp-content\/uploads\/2020\/04\/A-9.jpg\" alt=\"\" width=\"221\" height=\"269\" \/><\/a><\/p>\n<p>A secretaria de Sa\u00fade de Itapetinga recebeu do Lacen, Laborat\u00f3rio Central, o resultado do exame do pedreiro <strong><em>Roberto Brito da Silva<\/em><\/strong>, 47 anos. O pedreiro foi atendido na sexta-feira, 03, pelo Dr. Jos\u00e9 Roberto e encaminhado para interna\u00e7\u00e3o no Hospital Cristo Redentor com suspeita de Meningite viral.<\/p>\n<p>Com o agravamento do quadro, a vigil\u00e2ncia epidemiol\u00f3gica foi acionada para avaliar o caso e teve o material coletado para an\u00e1lise de Covid-19. No domingo, Roberto faleceu.<\/p>\n<p>Na noite desta segunda-feira, 06, o Laborat\u00f3rio enviou o resultado do exame. Roberto atestou negativo para o coronav\u00edrus.<\/p>\n<p>O pedreiro \u00e9 o 9\u00ba caso descartado para Covid-19 em Itapetinga. <strong><em>Confira resultado do Lacen:<\/em><\/strong><\/p>\n<p><a href=\"https:\/\/www.sudoestehoje.com.br\/novoportal\/wp-content\/uploads\/2020\/04\/TESTE-LACEM.jpg\"><img loading=\"lazy\" decoding=\"async\" class=\"aligncenter size-medium wp-image-86012\" src=\"https:\/\/www.sudoestehoje.com.br\/novoportal\/wp-content\/uploads\/2020\/04\/TESTE-LACEM-500x281.jpg\" alt=\"\" width=\"500\" height=\"281\" srcset=\"https:\/\/www.sudoestehoje.com.br\/novoportal\/wp-content\/uploads\/2020\/04\/TESTE-LACEM-500x281.jpg 500w, https:\/\/www.sudoestehoje.com.br\/novoportal\/wp-content\/uploads\/2020\/04\/TESTE-LACEM-768x432.jpg 768w, https:\/\/www.sudoestehoje.com.br\/novoportal\/wp-content\/uploads\/2020\/04\/TESTE-LACEM-700x394.jpg 700w, https:\/\/www.sudoestehoje.com.br\/novoportal\/wp-content\/uploads\/2020\/04\/TESTE-LACEM.jpg 1280w\" sizes=\"auto, (max-width: 500px) 100vw, 500px\" \/><\/a><\/p>\n","protected":false},"excerpt":{"rendered":"<p>A secretaria de Sa\u00fade de Itapetinga recebeu do Lacen, Laborat\u00f3rio Central, o resultado do exame do pedreiro Roberto Brito da Silva, 47 anos. O pedreiro foi atendido na sexta-feira, 03, pelo Dr. Jos\u00e9 Roberto e encaminhado para interna\u00e7\u00e3o no Hospital Cristo Redentor com suspeita de Meningite viral. Com o agravamento do quadro, a vigil\u00e2ncia epidemiol\u00f3gica [&hellip;]<\/p>\n","protected":false},"author":2,"featured_media":86013,"comment_status":"open","ping_status":"open","sticky":false,"template":"","format":"standard","meta":{"footnotes":"","_links_to":"","_links_to_target":""},"categories":[1],"tags":[],"class_list":["post-86011","post","type-post","status-publish","format-standard","has-post-thumbnail","hentry","category-geral"],"views":2065,"_links":{"self":[{"href":"https:\/\/www.sudoestehoje.com.br\/novoportal\/wp-json\/wp\/v2\/posts\/86011","targetHints":{"allow":["GET"]}}],"collection":[{"href":"https:\/\/www.sudoestehoje.com.br\/novoportal\/wp-json\/wp\/v2\/posts"}],"about":[{"href":"https:\/\/www.sudoestehoje.com.br\/novoportal\/wp-json\/wp\/v2\/types\/post"}],"author":[{"embeddable":true,"href":"https:\/\/www.sudoestehoje.com.br\/novoportal\/wp-json\/wp\/v2\/users\/2"}],"replies":[{"embeddable":true,"href":"https:\/\/www.sudoestehoje.com.br\/novoportal\/wp-json\/wp\/v2\/comments?post=86011"}],"version-history":[{"count":2,"href":"https:\/\/www.sudoestehoje.com.br\/novoportal\/wp-json\/wp\/v2\/posts\/86011\/revisions"}],"predecessor-version":[{"id":86015,"href":"https:\/\/www.sudoestehoje.com.br\/novoportal\/wp-json\/wp\/v2\/posts\/86011\/revisions\/86015"}],"wp:featuredmedia":[{"embeddable":true,"href":"https:\/\/www.sudoestehoje.com.br\/novoportal\/wp-json\/wp\/v2\/media\/86013"}],"wp:attachment":[{"href":"https:\/\/www.sudoestehoje.com.br\/novoportal\/wp-json\/wp\/v2\/media?parent=86011"}],"wp:term":[{"taxonomy":"category","embeddable":true,"href":"https:\/\/www.sudoestehoje.com.br\/novoportal\/wp-json\/wp\/v2\/categories?post=86011"},{"taxonomy":"post_tag","embeddable":true,"href":"https:\/\/www.sudoestehoje.com.br\/novoportal\/wp-json\/wp\/v2\/tags?post=86011"}],"curies":[{"name":"wp","href":"https:\/\/api.w.org\/{rel}","templated":true}]}}