
{"id":85999,"date":"2020-04-05T13:54:29","date_gmt":"2020-04-05T16:54:29","guid":{"rendered":"https:\/\/www.sudoestehoje.com.br\/novoportal\/?p=85999"},"modified":"2020-04-05T14:01:25","modified_gmt":"2020-04-05T17:01:25","slug":"comercio-de-conquista-sera-reaberto-em-horario-excepcional-de-funcionamento","status":"publish","type":"post","link":"https:\/\/www.sudoestehoje.com.br\/novoportal\/2020\/04\/05\/comercio-de-conquista-sera-reaberto-em-horario-excepcional-de-funcionamento\/","title":{"rendered":"COM\u00c9RCIO DE CONQUISTA SER\u00c1 REABERTO EM HOR\u00c1RIO EXCEPCIONAL DE FUNCIONAMENTO"},"content":{"rendered":"<p><a href=\"https:\/\/www.sudoestehoje.com.br\/novoportal\/wp-content\/uploads\/2020\/04\/comercio-conquista-func.jpeg\"><img loading=\"lazy\" decoding=\"async\" class=\"aligncenter size-medium wp-image-86001\" src=\"https:\/\/www.sudoestehoje.com.br\/novoportal\/wp-content\/uploads\/2020\/04\/comercio-conquista-func-500x500.jpeg\" alt=\"\" width=\"500\" height=\"500\" srcset=\"https:\/\/www.sudoestehoje.com.br\/novoportal\/wp-content\/uploads\/2020\/04\/comercio-conquista-func-500x500.jpeg 500w, https:\/\/www.sudoestehoje.com.br\/novoportal\/wp-content\/uploads\/2020\/04\/comercio-conquista-func-150x150.jpeg 150w, https:\/\/www.sudoestehoje.com.br\/novoportal\/wp-content\/uploads\/2020\/04\/comercio-conquista-func.jpeg 680w\" sizes=\"auto, (max-width: 500px) 100vw, 500px\" \/><\/a><\/p>\n<p>Desde que os primeiros casos suspeitos de coronav\u00edrus surgiram em Vit\u00f3ria da Conquista, v\u00e1rias medidas de preven\u00e7\u00e3o foram adotadas pela Prefeitura atrav\u00e9s de Decretos Municipais. As decis\u00f5es, tomadas em di\u00e1logo com entidades representativas de diversos setores, levam em considera\u00e7\u00e3o, primeiramente, a prote\u00e7\u00e3o da popula\u00e7\u00e3o.\u00a0 Na manh\u00e3 de hoje (05), o prefeito Herzem Gusm\u00e3o assinou o\u00a0<strong><a href=\"https:\/\/dom.pmvc.ba.gov.br\/diarios\/previsualizar\/LZVLz8a1\/3\">Decreto 20.246<\/a>\u00a0<\/strong>que disp\u00f5e das seguintes medidas tempor\u00e1rias de preven\u00e7\u00e3o ao cont\u00e1gio:<\/p>\n<p><strong>Hor\u00e1rio excepcional de funcionamento do com\u00e9rcio pelo per\u00edodo de 7 dias<\/strong>.<\/p>\n<p>O funcionamento se dar\u00e1 em hor\u00e1rio parcial, mediante distribui\u00e7\u00e3o das atividades em dois blocos que se revezar\u00e3o diariamente entre os turnos da manh\u00e3 e da tarde, evitando a grande circula\u00e7\u00e3o de pessoas. Os dias de s\u00e1bado e domingo v\u00e3o ficar reservados para as feiras livres e demais atividades essenciais.<\/p>\n","protected":false},"excerpt":{"rendered":"<p>Desde que os primeiros casos suspeitos de coronav\u00edrus surgiram em Vit\u00f3ria da Conquista, v\u00e1rias medidas de preven\u00e7\u00e3o foram adotadas pela Prefeitura atrav\u00e9s de Decretos Municipais. As decis\u00f5es, tomadas em di\u00e1logo com entidades representativas de diversos setores, levam em considera\u00e7\u00e3o, primeiramente, a prote\u00e7\u00e3o da popula\u00e7\u00e3o.\u00a0 Na manh\u00e3 de hoje (05), o prefeito Herzem Gusm\u00e3o assinou o\u00a0Decreto [&hellip;]<\/p>\n","protected":false},"author":2,"featured_media":86001,"comment_status":"open","ping_status":"open","sticky":false,"template":"","format":"standard","meta":{"footnotes":"","_links_to":"","_links_to_target":""},"categories":[1],"tags":[],"class_list":["post-85999","post","type-post","status-publish","format-standard","has-post-thumbnail","hentry","category-geral"],"views":1325,"_links":{"self":[{"href":"https:\/\/www.sudoestehoje.com.br\/novoportal\/wp-json\/wp\/v2\/posts\/85999","targetHints":{"allow":["GET"]}}],"collection":[{"href":"https:\/\/www.sudoestehoje.com.br\/novoportal\/wp-json\/wp\/v2\/posts"}],"about":[{"href":"https:\/\/www.sudoestehoje.com.br\/novoportal\/wp-json\/wp\/v2\/types\/post"}],"author":[{"embeddable":true,"href":"https:\/\/www.sudoestehoje.com.br\/novoportal\/wp-json\/wp\/v2\/users\/2"}],"replies":[{"embeddable":true,"href":"https:\/\/www.sudoestehoje.com.br\/novoportal\/wp-json\/wp\/v2\/comments?post=85999"}],"version-history":[{"count":2,"href":"https:\/\/www.sudoestehoje.com.br\/novoportal\/wp-json\/wp\/v2\/posts\/85999\/revisions"}],"predecessor-version":[{"id":86002,"href":"https:\/\/www.sudoestehoje.com.br\/novoportal\/wp-json\/wp\/v2\/posts\/85999\/revisions\/86002"}],"wp:featuredmedia":[{"embeddable":true,"href":"https:\/\/www.sudoestehoje.com.br\/novoportal\/wp-json\/wp\/v2\/media\/86001"}],"wp:attachment":[{"href":"https:\/\/www.sudoestehoje.com.br\/novoportal\/wp-json\/wp\/v2\/media?parent=85999"}],"wp:term":[{"taxonomy":"category","embeddable":true,"href":"https:\/\/www.sudoestehoje.com.br\/novoportal\/wp-json\/wp\/v2\/categories?post=85999"},{"taxonomy":"post_tag","embeddable":true,"href":"https:\/\/www.sudoestehoje.com.br\/novoportal\/wp-json\/wp\/v2\/tags?post=85999"}],"curies":[{"name":"wp","href":"https:\/\/api.w.org\/{rel}","templated":true}]}}