
{"id":85995,"date":"2020-04-05T12:16:10","date_gmt":"2020-04-05T15:16:10","guid":{"rendered":"https:\/\/www.sudoestehoje.com.br\/novoportal\/?p=85995"},"modified":"2020-04-05T12:16:10","modified_gmt":"2020-04-05T15:16:10","slug":"itarantim-registra-1o-caso-de-coronavirus","status":"publish","type":"post","link":"https:\/\/www.sudoestehoje.com.br\/novoportal\/2020\/04\/05\/itarantim-registra-1o-caso-de-coronavirus\/","title":{"rendered":"ITARANTIM REGISTRA 1\u00ba CASO DE CORONAV\u00cdRUS"},"content":{"rendered":"<p><a href=\"https:\/\/www.sudoestehoje.com.br\/novoportal\/wp-content\/uploads\/2020\/04\/itarantim-1.jpg\"><img loading=\"lazy\" decoding=\"async\" class=\"aligncenter size-medium wp-image-85996\" src=\"https:\/\/www.sudoestehoje.com.br\/novoportal\/wp-content\/uploads\/2020\/04\/itarantim-1-500x285.jpg\" alt=\"\" width=\"500\" height=\"285\" \/><\/a><\/p>\n<p>Na noite deste s\u00e1bado (4), o prefeito de Itarantim e a Secretaria Municipal de Sa\u00fade divulgaram nota confirmando o primeiro caso de Coronav\u00edrus no munic\u00edpio.<\/p>\n<p>De acordo com a nota da prefeitura, trata-se de um Itarantiense que estava sendo devidamente acompanhado e monitorado. O paciente encontra-se em isolamento domiciliar. Al\u00e9m disso, todos os seus contatos familiares tamb\u00e9m est\u00e3o sob monitoramento e sem sintomas respirat\u00f3rios.<\/p>\n<p>Com essa confirma\u00e7\u00e3o, o M\u00e9dio Sudoeste j\u00e1 soma seis casos de Coronav\u00edrus, sendo 4 em Itoror\u00f3, 1 em Itapetinga (uma morte) e 1 em Itarantim.<\/p>\n","protected":false},"excerpt":{"rendered":"<p>Na noite deste s\u00e1bado (4), o prefeito de Itarantim e a Secretaria Municipal de Sa\u00fade divulgaram nota confirmando o primeiro caso de Coronav\u00edrus no munic\u00edpio. De acordo com a nota da prefeitura, trata-se de um Itarantiense que estava sendo devidamente acompanhado e monitorado. O paciente encontra-se em isolamento domiciliar. Al\u00e9m disso, todos os seus contatos [&hellip;]<\/p>\n","protected":false},"author":2,"featured_media":85996,"comment_status":"open","ping_status":"open","sticky":false,"template":"","format":"standard","meta":{"footnotes":"","_links_to":"","_links_to_target":""},"categories":[1],"tags":[],"class_list":["post-85995","post","type-post","status-publish","format-standard","has-post-thumbnail","hentry","category-geral"],"views":940,"_links":{"self":[{"href":"https:\/\/www.sudoestehoje.com.br\/novoportal\/wp-json\/wp\/v2\/posts\/85995","targetHints":{"allow":["GET"]}}],"collection":[{"href":"https:\/\/www.sudoestehoje.com.br\/novoportal\/wp-json\/wp\/v2\/posts"}],"about":[{"href":"https:\/\/www.sudoestehoje.com.br\/novoportal\/wp-json\/wp\/v2\/types\/post"}],"author":[{"embeddable":true,"href":"https:\/\/www.sudoestehoje.com.br\/novoportal\/wp-json\/wp\/v2\/users\/2"}],"replies":[{"embeddable":true,"href":"https:\/\/www.sudoestehoje.com.br\/novoportal\/wp-json\/wp\/v2\/comments?post=85995"}],"version-history":[{"count":2,"href":"https:\/\/www.sudoestehoje.com.br\/novoportal\/wp-json\/wp\/v2\/posts\/85995\/revisions"}],"predecessor-version":[{"id":85998,"href":"https:\/\/www.sudoestehoje.com.br\/novoportal\/wp-json\/wp\/v2\/posts\/85995\/revisions\/85998"}],"wp:featuredmedia":[{"embeddable":true,"href":"https:\/\/www.sudoestehoje.com.br\/novoportal\/wp-json\/wp\/v2\/media\/85996"}],"wp:attachment":[{"href":"https:\/\/www.sudoestehoje.com.br\/novoportal\/wp-json\/wp\/v2\/media?parent=85995"}],"wp:term":[{"taxonomy":"category","embeddable":true,"href":"https:\/\/www.sudoestehoje.com.br\/novoportal\/wp-json\/wp\/v2\/categories?post=85995"},{"taxonomy":"post_tag","embeddable":true,"href":"https:\/\/www.sudoestehoje.com.br\/novoportal\/wp-json\/wp\/v2\/tags?post=85995"}],"curies":[{"name":"wp","href":"https:\/\/api.w.org\/{rel}","templated":true}]}}