
{"id":85990,"date":"2020-04-05T11:44:08","date_gmt":"2020-04-05T14:44:08","guid":{"rendered":"https:\/\/www.sudoestehoje.com.br\/novoportal\/?p=85990"},"modified":"2020-04-05T11:44:08","modified_gmt":"2020-04-05T14:44:08","slug":"feiras-livres-de-itapetinga-funcionaram-normalmente-neste-final-de-semana","status":"publish","type":"post","link":"https:\/\/www.sudoestehoje.com.br\/novoportal\/2020\/04\/05\/feiras-livres-de-itapetinga-funcionaram-normalmente-neste-final-de-semana\/","title":{"rendered":"FEIRAS LIVRES DE ITAPETINGA FUNCIONARAM NORMALMENTE NESTE FINAL DE SEMANA"},"content":{"rendered":"<p><a href=\"https:\/\/www.sudoestehoje.com.br\/novoportal\/wp-content\/uploads\/2020\/04\/feirinha-1.jpg\"><img loading=\"lazy\" decoding=\"async\" class=\"aligncenter size-medium wp-image-85992\" src=\"https:\/\/www.sudoestehoje.com.br\/novoportal\/wp-content\/uploads\/2020\/04\/feirinha-1-500x243.jpg\" alt=\"\" width=\"500\" height=\"243\" srcset=\"https:\/\/www.sudoestehoje.com.br\/novoportal\/wp-content\/uploads\/2020\/04\/feirinha-1-500x243.jpg 500w, https:\/\/www.sudoestehoje.com.br\/novoportal\/wp-content\/uploads\/2020\/04\/feirinha-1-768x373.jpg 768w, https:\/\/www.sudoestehoje.com.br\/novoportal\/wp-content\/uploads\/2020\/04\/feirinha-1-700x340.jpg 700w, https:\/\/www.sudoestehoje.com.br\/novoportal\/wp-content\/uploads\/2020\/04\/feirinha-1.jpg 1152w\" sizes=\"auto, (max-width: 500px) 100vw, 500px\" \/><\/a><\/p>\n<p>Apesar das restri\u00e7\u00f5es e proibi\u00e7\u00e3o de aglomera\u00e7\u00e3o de pessoas em todo o pa\u00eds, as feiras livres n\u00e3o pararam de funcionar em Itapetinga e outras localidades.<\/p>\n<p>Na manh\u00e3 deste domingo, a <em>&#8216;Feirinha do Primavera&#8217;<\/em> teve movimento normal, com feirantes e clientes se misturando, apesar do &#8220;perigo&#8221; de contamina\u00e7\u00e3o pelo Coronav\u00edrus, propagado pela grande m\u00eddia e parte dos governantes.<\/p>\n<p><a href=\"https:\/\/www.sudoestehoje.com.br\/novoportal\/wp-content\/uploads\/2020\/04\/feirinha-2.jpg\"><img loading=\"lazy\" decoding=\"async\" class=\"aligncenter size-medium wp-image-85993\" src=\"https:\/\/www.sudoestehoje.com.br\/novoportal\/wp-content\/uploads\/2020\/04\/feirinha-2-500x243.jpg\" alt=\"\" width=\"500\" height=\"243\" srcset=\"https:\/\/www.sudoestehoje.com.br\/novoportal\/wp-content\/uploads\/2020\/04\/feirinha-2-500x243.jpg 500w, https:\/\/www.sudoestehoje.com.br\/novoportal\/wp-content\/uploads\/2020\/04\/feirinha-2-768x373.jpg 768w, https:\/\/www.sudoestehoje.com.br\/novoportal\/wp-content\/uploads\/2020\/04\/feirinha-2-700x340.jpg 700w, https:\/\/www.sudoestehoje.com.br\/novoportal\/wp-content\/uploads\/2020\/04\/feirinha-2.jpg 1152w\" sizes=\"auto, (max-width: 500px) 100vw, 500px\" \/><\/a><\/p>\n<p>Em meio a tantas restri\u00e7\u00f5es e informa\u00e7\u00f5es desencontradas, a lei que prevalece mesmo \u00e9 a da SOBREVIV\u00caNCIA.<\/p>\n<p>SEMPRE&#8230;.<\/p>\n<p><strong><em>Por Davi Ferraz\u00a0<\/em><\/strong><\/p>\n","protected":false},"excerpt":{"rendered":"<p>Apesar das restri\u00e7\u00f5es e proibi\u00e7\u00e3o de aglomera\u00e7\u00e3o de pessoas em todo o pa\u00eds, as feiras livres n\u00e3o pararam de funcionar em Itapetinga e outras localidades. Na manh\u00e3 deste domingo, a &#8216;Feirinha do Primavera&#8217; teve movimento normal, com feirantes e clientes se misturando, apesar do &#8220;perigo&#8221; de contamina\u00e7\u00e3o pelo Coronav\u00edrus, propagado pela grande m\u00eddia e parte [&hellip;]<\/p>\n","protected":false},"author":2,"featured_media":85992,"comment_status":"open","ping_status":"open","sticky":false,"template":"","format":"standard","meta":{"footnotes":"","_links_to":"","_links_to_target":""},"categories":[1],"tags":[],"class_list":["post-85990","post","type-post","status-publish","format-standard","has-post-thumbnail","hentry","category-geral"],"views":704,"_links":{"self":[{"href":"https:\/\/www.sudoestehoje.com.br\/novoportal\/wp-json\/wp\/v2\/posts\/85990","targetHints":{"allow":["GET"]}}],"collection":[{"href":"https:\/\/www.sudoestehoje.com.br\/novoportal\/wp-json\/wp\/v2\/posts"}],"about":[{"href":"https:\/\/www.sudoestehoje.com.br\/novoportal\/wp-json\/wp\/v2\/types\/post"}],"author":[{"embeddable":true,"href":"https:\/\/www.sudoestehoje.com.br\/novoportal\/wp-json\/wp\/v2\/users\/2"}],"replies":[{"embeddable":true,"href":"https:\/\/www.sudoestehoje.com.br\/novoportal\/wp-json\/wp\/v2\/comments?post=85990"}],"version-history":[{"count":2,"href":"https:\/\/www.sudoestehoje.com.br\/novoportal\/wp-json\/wp\/v2\/posts\/85990\/revisions"}],"predecessor-version":[{"id":85994,"href":"https:\/\/www.sudoestehoje.com.br\/novoportal\/wp-json\/wp\/v2\/posts\/85990\/revisions\/85994"}],"wp:featuredmedia":[{"embeddable":true,"href":"https:\/\/www.sudoestehoje.com.br\/novoportal\/wp-json\/wp\/v2\/media\/85992"}],"wp:attachment":[{"href":"https:\/\/www.sudoestehoje.com.br\/novoportal\/wp-json\/wp\/v2\/media?parent=85990"}],"wp:term":[{"taxonomy":"category","embeddable":true,"href":"https:\/\/www.sudoestehoje.com.br\/novoportal\/wp-json\/wp\/v2\/categories?post=85990"},{"taxonomy":"post_tag","embeddable":true,"href":"https:\/\/www.sudoestehoje.com.br\/novoportal\/wp-json\/wp\/v2\/tags?post=85990"}],"curies":[{"name":"wp","href":"https:\/\/api.w.org\/{rel}","templated":true}]}}