
{"id":85929,"date":"2020-04-03T20:12:20","date_gmt":"2020-04-03T23:12:20","guid":{"rendered":"https:\/\/www.sudoestehoje.com.br\/novoportal\/?p=85929"},"modified":"2020-04-03T21:18:03","modified_gmt":"2020-04-04T00:18:03","slug":"confirmado-primeiro-caso-de-coronavirus-em-itapetinga-vitima-faleceu-na-upa","status":"publish","type":"post","link":"https:\/\/www.sudoestehoje.com.br\/novoportal\/2020\/04\/03\/confirmado-primeiro-caso-de-coronavirus-em-itapetinga-vitima-faleceu-na-upa\/","title":{"rendered":"CONFIRMADO PRIMEIRO CASO DE CORONAV\u00cdRUS EM ITAPETINGA; V\u00cdTIMA FALECEU NA UPA"},"content":{"rendered":"<p><a href=\"https:\/\/www.sudoestehoje.com.br\/novoportal\/wp-content\/uploads\/2020\/04\/vitima-corona-itapetinga.jpg\"><img loading=\"lazy\" decoding=\"async\" class=\"aligncenter wp-image-85930\" src=\"https:\/\/www.sudoestehoje.com.br\/novoportal\/wp-content\/uploads\/2020\/04\/vitima-corona-itapetinga.jpg\" alt=\"\" width=\"499\" height=\"385\" \/><\/a><\/p>\n<p>Foi confirmado, na noite desta sexta-feira (3), o primeiro caso de Coronav\u00edrus no munic\u00edpio de Itapetinga, detectado atrav\u00e9s de teste realizado no LACEN, em Salvador.<\/p>\n<p>A v\u00edtima foi a jovem <strong>RAFAELA DE JESUS SILVA<\/strong>,\u00a0 de 28 anos, que deu entrada na UPA, na \u00faltima quarta-feira, e veio a \u00f3bito com quadro de <strong><em>insufici\u00eancia respirat\u00f3ria, fortes dores de cabe\u00e7a e febre.\u00a0<\/em><\/strong><\/p>\n<p>Diante do quadro grave e do \u00f3bito repentino, a Secretaria Municipal de Sa\u00fade fez a coleta do material para teste de COVID-19 e encaminhou para o LACEN, em Salvador, que confirmou o diagn\u00f3stico de Coronav\u00edrus no in\u00edcio da noite de hoje.<\/p>\n<p>O an\u00fancio oficial ser\u00e1 feito pelo pr\u00f3prio prefeito Rodrigo Hagge, ainda hoje, em Live pelo seu Instagram. A Secretaria de Sa\u00fade de Itapetinga dever\u00e1 emitir um boletim neste s\u00e1bado, esclarecendo o caso e informando as provid\u00eancia adotadas em rela\u00e7\u00e3o \u00e0s pessoas que mantiveram contato com a v\u00edtima.<\/p>\n<p><strong><em>Por Davi Ferraz<\/em><\/strong><\/p>\n","protected":false},"excerpt":{"rendered":"<p>Foi confirmado, na noite desta sexta-feira (3), o primeiro caso de Coronav\u00edrus no munic\u00edpio de Itapetinga, detectado atrav\u00e9s de teste realizado no LACEN, em Salvador. A v\u00edtima foi a jovem RAFAELA DE JESUS SILVA,\u00a0 de 28 anos, que deu entrada na UPA, na \u00faltima quarta-feira, e veio a \u00f3bito com quadro de insufici\u00eancia respirat\u00f3ria, fortes [&hellip;]<\/p>\n","protected":false},"author":2,"featured_media":85930,"comment_status":"open","ping_status":"open","sticky":false,"template":"","format":"standard","meta":{"footnotes":"","_links_to":"","_links_to_target":""},"categories":[1],"tags":[],"class_list":["post-85929","post","type-post","status-publish","format-standard","has-post-thumbnail","hentry","category-geral"],"views":1472,"_links":{"self":[{"href":"https:\/\/www.sudoestehoje.com.br\/novoportal\/wp-json\/wp\/v2\/posts\/85929","targetHints":{"allow":["GET"]}}],"collection":[{"href":"https:\/\/www.sudoestehoje.com.br\/novoportal\/wp-json\/wp\/v2\/posts"}],"about":[{"href":"https:\/\/www.sudoestehoje.com.br\/novoportal\/wp-json\/wp\/v2\/types\/post"}],"author":[{"embeddable":true,"href":"https:\/\/www.sudoestehoje.com.br\/novoportal\/wp-json\/wp\/v2\/users\/2"}],"replies":[{"embeddable":true,"href":"https:\/\/www.sudoestehoje.com.br\/novoportal\/wp-json\/wp\/v2\/comments?post=85929"}],"version-history":[{"count":5,"href":"https:\/\/www.sudoestehoje.com.br\/novoportal\/wp-json\/wp\/v2\/posts\/85929\/revisions"}],"predecessor-version":[{"id":85935,"href":"https:\/\/www.sudoestehoje.com.br\/novoportal\/wp-json\/wp\/v2\/posts\/85929\/revisions\/85935"}],"wp:featuredmedia":[{"embeddable":true,"href":"https:\/\/www.sudoestehoje.com.br\/novoportal\/wp-json\/wp\/v2\/media\/85930"}],"wp:attachment":[{"href":"https:\/\/www.sudoestehoje.com.br\/novoportal\/wp-json\/wp\/v2\/media?parent=85929"}],"wp:term":[{"taxonomy":"category","embeddable":true,"href":"https:\/\/www.sudoestehoje.com.br\/novoportal\/wp-json\/wp\/v2\/categories?post=85929"},{"taxonomy":"post_tag","embeddable":true,"href":"https:\/\/www.sudoestehoje.com.br\/novoportal\/wp-json\/wp\/v2\/tags?post=85929"}],"curies":[{"name":"wp","href":"https:\/\/api.w.org\/{rel}","templated":true}]}}