
{"id":85922,"date":"2020-04-03T17:59:58","date_gmt":"2020-04-03T20:59:58","guid":{"rendered":"https:\/\/www.sudoestehoje.com.br\/novoportal\/?p=85922"},"modified":"2020-04-03T17:59:58","modified_gmt":"2020-04-03T20:59:58","slug":"conquista-registra-2o-caso-de-coronavirus","status":"publish","type":"post","link":"https:\/\/www.sudoestehoje.com.br\/novoportal\/2020\/04\/03\/conquista-registra-2o-caso-de-coronavirus\/","title":{"rendered":"CONQUISTA REGISTRA 2\u00ba CASO DE CORONAV\u00cdRUS"},"content":{"rendered":"<p><a href=\"https:\/\/www.sudoestehoje.com.br\/novoportal\/wp-content\/uploads\/2020\/04\/conquista-hoja.jpeg\"><img loading=\"lazy\" decoding=\"async\" class=\"aligncenter size-medium wp-image-85923\" src=\"https:\/\/www.sudoestehoje.com.br\/novoportal\/wp-content\/uploads\/2020\/04\/conquista-hoja-500x273.jpeg\" alt=\"\" width=\"500\" height=\"273\" srcset=\"https:\/\/www.sudoestehoje.com.br\/novoportal\/wp-content\/uploads\/2020\/04\/conquista-hoja-500x273.jpeg 500w, https:\/\/www.sudoestehoje.com.br\/novoportal\/wp-content\/uploads\/2020\/04\/conquista-hoja.jpeg 660w\" sizes=\"auto, (max-width: 500px) 100vw, 500px\" \/><\/a><\/p>\n<p>O Laborat\u00f3rio Central (Lacen) divulgou, na tarde de hoje (03), a confirma\u00e7\u00e3o do segundo caso de Coronav\u00edrus em Vit\u00f3ria da Conquista. O paciente \u00e9 residente do munic\u00edpio, sexo masculino, tem 42 anos e n\u00e3o possui hist\u00f3rico de viagem.<\/p>\n<p>O boletim tamb\u00e9m mostra que, at\u00e9 \u00e0s 17h de hoje (3), j\u00e1 foram notificados\u00a0<strong>213 casos com suspeita cl\u00ednica e epidemiol\u00f3gica<\/strong>\u00a0de infec\u00e7\u00e3o Coronav\u00edrus, dos quais:\u00a0<strong>87 foram descartados laboratorialmente e 5 por v\u00ednculo epidemiol\u00f3gico*, 81 aguardam resultado<\/strong>\u00a0das amostras enviadas ao Lacen, em Salvador, e\u00a0<strong>38 aguardam coleta.<\/strong><\/p>\n<p>Ap\u00f3s a coleta, as amostras s\u00e3o enviadas ao Laborat\u00f3rio Central de Sa\u00fade P\u00fablica (Lacen), do Governo do Estado, em Salvador, que \u00e9 respons\u00e1vel pela divulga\u00e7\u00e3o dos resultados dos exames do munic\u00edpio, ap\u00f3s a an\u00e1lise laboratorial das amostras enviadas para o diagn\u00f3stico de Covid-19. <em><strong>\/\/Blog do Rodrigo Ferraz<\/strong><\/em><\/p>\n","protected":false},"excerpt":{"rendered":"<p>O Laborat\u00f3rio Central (Lacen) divulgou, na tarde de hoje (03), a confirma\u00e7\u00e3o do segundo caso de Coronav\u00edrus em Vit\u00f3ria da Conquista. O paciente \u00e9 residente do munic\u00edpio, sexo masculino, tem 42 anos e n\u00e3o possui hist\u00f3rico de viagem. O boletim tamb\u00e9m mostra que, at\u00e9 \u00e0s 17h de hoje (3), j\u00e1 foram notificados\u00a0213 casos com suspeita [&hellip;]<\/p>\n","protected":false},"author":2,"featured_media":85923,"comment_status":"open","ping_status":"open","sticky":false,"template":"","format":"standard","meta":{"footnotes":"","_links_to":"","_links_to_target":""},"categories":[1],"tags":[],"class_list":["post-85922","post","type-post","status-publish","format-standard","has-post-thumbnail","hentry","category-geral"],"views":721,"_links":{"self":[{"href":"https:\/\/www.sudoestehoje.com.br\/novoportal\/wp-json\/wp\/v2\/posts\/85922","targetHints":{"allow":["GET"]}}],"collection":[{"href":"https:\/\/www.sudoestehoje.com.br\/novoportal\/wp-json\/wp\/v2\/posts"}],"about":[{"href":"https:\/\/www.sudoestehoje.com.br\/novoportal\/wp-json\/wp\/v2\/types\/post"}],"author":[{"embeddable":true,"href":"https:\/\/www.sudoestehoje.com.br\/novoportal\/wp-json\/wp\/v2\/users\/2"}],"replies":[{"embeddable":true,"href":"https:\/\/www.sudoestehoje.com.br\/novoportal\/wp-json\/wp\/v2\/comments?post=85922"}],"version-history":[{"count":1,"href":"https:\/\/www.sudoestehoje.com.br\/novoportal\/wp-json\/wp\/v2\/posts\/85922\/revisions"}],"predecessor-version":[{"id":85924,"href":"https:\/\/www.sudoestehoje.com.br\/novoportal\/wp-json\/wp\/v2\/posts\/85922\/revisions\/85924"}],"wp:featuredmedia":[{"embeddable":true,"href":"https:\/\/www.sudoestehoje.com.br\/novoportal\/wp-json\/wp\/v2\/media\/85923"}],"wp:attachment":[{"href":"https:\/\/www.sudoestehoje.com.br\/novoportal\/wp-json\/wp\/v2\/media?parent=85922"}],"wp:term":[{"taxonomy":"category","embeddable":true,"href":"https:\/\/www.sudoestehoje.com.br\/novoportal\/wp-json\/wp\/v2\/categories?post=85922"},{"taxonomy":"post_tag","embeddable":true,"href":"https:\/\/www.sudoestehoje.com.br\/novoportal\/wp-json\/wp\/v2\/tags?post=85922"}],"curies":[{"name":"wp","href":"https:\/\/api.w.org\/{rel}","templated":true}]}}