
{"id":85915,"date":"2020-04-03T17:20:52","date_gmt":"2020-04-03T20:20:52","guid":{"rendered":"https:\/\/www.sudoestehoje.com.br\/novoportal\/?p=85915"},"modified":"2020-04-03T17:52:45","modified_gmt":"2020-04-03T20:52:45","slug":"alba-autoriza-governo-a-pagar-contas-de-luz-de-cerca-de-900-familias-por-tres-meses","status":"publish","type":"post","link":"https:\/\/www.sudoestehoje.com.br\/novoportal\/2020\/04\/03\/alba-autoriza-governo-a-pagar-contas-de-luz-de-cerca-de-900-familias-por-tres-meses\/","title":{"rendered":"ALBA AUTORIZA GOVERNO A PAGAR CONTAS DE LUZ DE CERCA DE 900 FAM\u00cdLIAS POR TR\u00caS MESES"},"content":{"rendered":"<p><a href=\"https:\/\/www.sudoestehoje.com.br\/novoportal\/wp-content\/uploads\/2020\/04\/ALBA-1.jpg\"><img loading=\"lazy\" decoding=\"async\" class=\"aligncenter size-medium wp-image-85917\" src=\"https:\/\/www.sudoestehoje.com.br\/novoportal\/wp-content\/uploads\/2020\/04\/ALBA-1-500x333.jpg\" alt=\"\" width=\"500\" height=\"333\" srcset=\"https:\/\/www.sudoestehoje.com.br\/novoportal\/wp-content\/uploads\/2020\/04\/ALBA-1-500x333.jpg 500w, https:\/\/www.sudoestehoje.com.br\/novoportal\/wp-content\/uploads\/2020\/04\/ALBA-1-768x512.jpg 768w, https:\/\/www.sudoestehoje.com.br\/novoportal\/wp-content\/uploads\/2020\/04\/ALBA-1-700x466.jpg 700w, https:\/\/www.sudoestehoje.com.br\/novoportal\/wp-content\/uploads\/2020\/04\/ALBA-1.jpg 1280w\" sizes=\"auto, (max-width: 500px) 100vw, 500px\" \/><\/a><\/p>\n<p><strong><em>Ascom ALBA<\/em><\/strong><\/p>\n<p>A Assembleia Legislativa da Bahia aprovou na manh\u00e3 desta sexta-feira (3), na terceira sess\u00e3o realizada atrav\u00e9s do Sistema de Delibera\u00e7\u00e3o Remota, SDR, por unanimidade, o projeto de lei n\u00ba 23.808\/2020 que autoriza o governador Rui Costa a pagar com recursos do or\u00e7amento do estado as contas de energia el\u00e9trica dos baianos de baixa renda, com consumo de at\u00e9 100 quilowats\/hora, por tr\u00eas meses.<\/p>\n<p>A proposta do Executivo previa estender os benef\u00edcios para o consumo de 80 quilowats\/hora, a interven\u00e7\u00e3o do Legislativo incluiu outras 100 mil fam\u00edlias nesse programa. Rrata-se medida emergencial que amparara agora mais de 877 mil fam\u00edlias, que est\u00e3o sem poder trabalhar devido \u00e0 quarentena exigida para conten\u00e7\u00e3o da pandemia do coronav\u00edrus.\u00a0 S\u00e3o cerca de tr\u00eas milh\u00f5es de pessoas o p\u00fablico atingido \u2013 desempregados, sub empregados ou trabalhadores que est\u00e3o na informalidade, agora sem condi\u00e7\u00f5es de ganhar o pr\u00f3prio sustento.<\/p>\n<p><a href=\"https:\/\/www.sudoestehoje.com.br\/novoportal\/wp-content\/uploads\/2020\/04\/ALBA-2.jpg\"><img loading=\"lazy\" decoding=\"async\" class=\"aligncenter size-medium wp-image-85918\" src=\"https:\/\/www.sudoestehoje.com.br\/novoportal\/wp-content\/uploads\/2020\/04\/ALBA-2-500x333.jpg\" alt=\"\" width=\"500\" height=\"333\" srcset=\"https:\/\/www.sudoestehoje.com.br\/novoportal\/wp-content\/uploads\/2020\/04\/ALBA-2-500x333.jpg 500w, https:\/\/www.sudoestehoje.com.br\/novoportal\/wp-content\/uploads\/2020\/04\/ALBA-2-768x512.jpg 768w, https:\/\/www.sudoestehoje.com.br\/novoportal\/wp-content\/uploads\/2020\/04\/ALBA-2-700x466.jpg 700w, https:\/\/www.sudoestehoje.com.br\/novoportal\/wp-content\/uploads\/2020\/04\/ALBA-2.jpg 1280w\" sizes=\"auto, (max-width: 500px) 100vw, 500px\" \/><\/a><\/p>\n<p>A aprova\u00e7\u00e3o no plen\u00e1rio virtual do Legislativo ocorreu em tempo recorde gra\u00e7as a um acordo de lideran\u00e7as, que dispensou todas as formalidades regimentais para que este projeto autorizativo possa chegar no menor tempo poss\u00edvel para a san\u00e7\u00e3o do Chefe do Executivo e os seus efeitos cheguem tamb\u00e9m com rapidez a essas fam\u00edlias vulner\u00e1veis \u2013 amea\u00e7adas de ficar sem o fornecimento de energia el\u00e9trica por falta de meios para a manuten\u00e7\u00e3o do servi\u00e7o. O projeto aprovado, foi relatado pelo deputado Vitor Bonfim (PP) que apresentou uma emenda ampliando o alcance do benef\u00edcio para os consumidores de at\u00e9 100 KW.<\/p>\n<p>Esta emenda s\u00f3 foi poss\u00edvel gra\u00e7as a uma a\u00e7\u00e3o dos parlamentares abrindo m\u00e3o das emendas parlamentares, dividindo assim o \u00f4nus entre o Executivo e o Legislativo Baiano. De acordo com o presidente essa emenda, fruto de acordo entre as lideran\u00e7as e com anu\u00eancia do governador Rui Costa, \u00e9 de extrema import\u00e2ncia, \u201cal\u00e9m do cunho social ela demonstra na pr\u00e1tica o comprometimento do legislativo baiano com o combate a essa pandemia que atinge todo o pa\u00eds\u201d, ressaltou.<\/p>\n<p><a href=\"https:\/\/www.sudoestehoje.com.br\/novoportal\/wp-content\/uploads\/2020\/04\/ALBA-3.jpg\"><img loading=\"lazy\" decoding=\"async\" class=\"aligncenter size-medium wp-image-85919\" src=\"https:\/\/www.sudoestehoje.com.br\/novoportal\/wp-content\/uploads\/2020\/04\/ALBA-3-500x333.jpg\" alt=\"\" width=\"500\" height=\"333\" srcset=\"https:\/\/www.sudoestehoje.com.br\/novoportal\/wp-content\/uploads\/2020\/04\/ALBA-3-500x333.jpg 500w, https:\/\/www.sudoestehoje.com.br\/novoportal\/wp-content\/uploads\/2020\/04\/ALBA-3-768x512.jpg 768w, https:\/\/www.sudoestehoje.com.br\/novoportal\/wp-content\/uploads\/2020\/04\/ALBA-3-700x466.jpg 700w, https:\/\/www.sudoestehoje.com.br\/novoportal\/wp-content\/uploads\/2020\/04\/ALBA-3.jpg 1280w\" sizes=\"auto, (max-width: 500px) 100vw, 500px\" \/><\/a><\/p>\n<p>O presidente agradeceu ainda a sensibilidade de todos os 63 parlamentares baianos que abriram m\u00e3o das suas emendas.\u00a0 A terceira sess\u00e3o teve mais uma vez a participa\u00e7\u00e3o maci\u00e7a dos parlamentares com a presen\u00e7a de 57 deputados. Amanh\u00e3, s\u00e1bado, dia 04\/04, as 10h, uma nova sess\u00e3o extraordin\u00e1ria virtual ir\u00e1 apreciar o projeto de isen\u00e7\u00e3o das contas de \u00e1gua na Bahia.<\/p>\n","protected":false},"excerpt":{"rendered":"<p>Ascom ALBA A Assembleia Legislativa da Bahia aprovou na manh\u00e3 desta sexta-feira (3), na terceira sess\u00e3o realizada atrav\u00e9s do Sistema de Delibera\u00e7\u00e3o Remota, SDR, por unanimidade, o projeto de lei n\u00ba 23.808\/2020 que autoriza o governador Rui Costa a pagar com recursos do or\u00e7amento do estado as contas de energia el\u00e9trica dos baianos de baixa [&hellip;]<\/p>\n","protected":false},"author":2,"featured_media":85917,"comment_status":"open","ping_status":"open","sticky":false,"template":"","format":"standard","meta":{"footnotes":"","_links_to":"","_links_to_target":""},"categories":[1],"tags":[],"class_list":["post-85915","post","type-post","status-publish","format-standard","has-post-thumbnail","hentry","category-geral"],"views":733,"_links":{"self":[{"href":"https:\/\/www.sudoestehoje.com.br\/novoportal\/wp-json\/wp\/v2\/posts\/85915","targetHints":{"allow":["GET"]}}],"collection":[{"href":"https:\/\/www.sudoestehoje.com.br\/novoportal\/wp-json\/wp\/v2\/posts"}],"about":[{"href":"https:\/\/www.sudoestehoje.com.br\/novoportal\/wp-json\/wp\/v2\/types\/post"}],"author":[{"embeddable":true,"href":"https:\/\/www.sudoestehoje.com.br\/novoportal\/wp-json\/wp\/v2\/users\/2"}],"replies":[{"embeddable":true,"href":"https:\/\/www.sudoestehoje.com.br\/novoportal\/wp-json\/wp\/v2\/comments?post=85915"}],"version-history":[{"count":3,"href":"https:\/\/www.sudoestehoje.com.br\/novoportal\/wp-json\/wp\/v2\/posts\/85915\/revisions"}],"predecessor-version":[{"id":85921,"href":"https:\/\/www.sudoestehoje.com.br\/novoportal\/wp-json\/wp\/v2\/posts\/85915\/revisions\/85921"}],"wp:featuredmedia":[{"embeddable":true,"href":"https:\/\/www.sudoestehoje.com.br\/novoportal\/wp-json\/wp\/v2\/media\/85917"}],"wp:attachment":[{"href":"https:\/\/www.sudoestehoje.com.br\/novoportal\/wp-json\/wp\/v2\/media?parent=85915"}],"wp:term":[{"taxonomy":"category","embeddable":true,"href":"https:\/\/www.sudoestehoje.com.br\/novoportal\/wp-json\/wp\/v2\/categories?post=85915"},{"taxonomy":"post_tag","embeddable":true,"href":"https:\/\/www.sudoestehoje.com.br\/novoportal\/wp-json\/wp\/v2\/tags?post=85915"}],"curies":[{"name":"wp","href":"https:\/\/api.w.org\/{rel}","templated":true}]}}