
{"id":85894,"date":"2020-04-03T11:42:48","date_gmt":"2020-04-03T14:42:48","guid":{"rendered":"https:\/\/www.sudoestehoje.com.br\/novoportal\/?p=85894"},"modified":"2020-04-03T14:26:48","modified_gmt":"2020-04-03T17:26:48","slug":"itororo-mais-tres-casos-de-coronavirus-sao-confirmados-no-municipio-casos-tem-ligacao-com-o-ex-prefeito-adroaldo","status":"publish","type":"post","link":"https:\/\/www.sudoestehoje.com.br\/novoportal\/2020\/04\/03\/itororo-mais-tres-casos-de-coronavirus-sao-confirmados-no-municipio-casos-tem-ligacao-com-o-ex-prefeito-adroaldo\/","title":{"rendered":"ITOROR\u00d3: MAIS TR\u00caS CASOS DE CORONAV\u00cdRUS S\u00c3O CONFIRMADOS NO MUNIC\u00cdPIO; CASOS T\u00caM LIGA\u00c7\u00c3O COM O EX-PREFEITO ADROALDO"},"content":{"rendered":"<p><a href=\"https:\/\/www.sudoestehoje.com.br\/novoportal\/wp-content\/uploads\/2020\/03\/ADROALDO-VIRUS.jpg\"><img loading=\"lazy\" decoding=\"async\" class=\"aligncenter size-medium wp-image-85758\" src=\"https:\/\/www.sudoestehoje.com.br\/novoportal\/wp-content\/uploads\/2020\/03\/ADROALDO-VIRUS-500x260.jpg\" alt=\"\" width=\"500\" height=\"260\" srcset=\"https:\/\/www.sudoestehoje.com.br\/novoportal\/wp-content\/uploads\/2020\/03\/ADROALDO-VIRUS-500x260.jpg 500w, https:\/\/www.sudoestehoje.com.br\/novoportal\/wp-content\/uploads\/2020\/03\/ADROALDO-VIRUS-768x400.jpg 768w, https:\/\/www.sudoestehoje.com.br\/novoportal\/wp-content\/uploads\/2020\/03\/ADROALDO-VIRUS-700x364.jpg 700w, https:\/\/www.sudoestehoje.com.br\/novoportal\/wp-content\/uploads\/2020\/03\/ADROALDO-VIRUS.jpg 1080w\" sizes=\"auto, (max-width: 500px) 100vw, 500px\" \/><\/a><\/p>\n<p>Em resultado divulgado pelo LACEN, o munic\u00edpio de Itoror\u00f3 confirmou na manh\u00e3 desta sexta-feira (3), mais tr\u00eas casos positivos para o Coronav\u00edrus.<\/p>\n<p>No \u00faltimo s\u00e1bado, o ex-prefeito de Itoror\u00f3 Adroaldo Almeida testou positivo e divulgou um v\u00eddeo publicado nas redes sociais.<\/p>\n<p>TRANSMISS\u00c3O VIA ADROALDO<\/p>\n<p>Segundo a Secretaria de Sa\u00fade do munic\u00edpio, <strong>os testados positivos s\u00e3o contatos intra-domiciliares com Adroaldo.<\/strong><\/p>\n<p>Outros 2 exames foram testados e tiveram resultado negativo. O munic\u00edpio aguarda agora o resultado de mais 5 testados. <em>VEJA COMUNICADO:<\/em><\/p>\n<p><a href=\"https:\/\/www.sudoestehoje.com.br\/novoportal\/wp-content\/uploads\/2020\/04\/nota-oficial-itoror\u00f3.jpg\"><img loading=\"lazy\" decoding=\"async\" class=\"aligncenter size-medium wp-image-85899\" src=\"https:\/\/www.sudoestehoje.com.br\/novoportal\/wp-content\/uploads\/2020\/04\/nota-oficial-itoror\u00f3-480x700.jpg\" alt=\"\" width=\"480\" height=\"700\" srcset=\"https:\/\/www.sudoestehoje.com.br\/novoportal\/wp-content\/uploads\/2020\/04\/nota-oficial-itoror\u00f3-480x700.jpg 480w, https:\/\/www.sudoestehoje.com.br\/novoportal\/wp-content\/uploads\/2020\/04\/nota-oficial-itoror\u00f3-617x900.jpg 617w, https:\/\/www.sudoestehoje.com.br\/novoportal\/wp-content\/uploads\/2020\/04\/nota-oficial-itoror\u00f3.jpg 658w\" sizes=\"auto, (max-width: 480px) 100vw, 480px\" \/><\/a><\/p>\n<p><strong><em>Itoror\u00f3 J\u00e1<\/em><\/strong><\/p>\n","protected":false},"excerpt":{"rendered":"<p>Em resultado divulgado pelo LACEN, o munic\u00edpio de Itoror\u00f3 confirmou na manh\u00e3 desta sexta-feira (3), mais tr\u00eas casos positivos para o Coronav\u00edrus. No \u00faltimo s\u00e1bado, o ex-prefeito de Itoror\u00f3 Adroaldo Almeida testou positivo e divulgou um v\u00eddeo publicado nas redes sociais. TRANSMISS\u00c3O VIA ADROALDO Segundo a Secretaria de Sa\u00fade do munic\u00edpio, os testados positivos s\u00e3o [&hellip;]<\/p>\n","protected":false},"author":2,"featured_media":85758,"comment_status":"open","ping_status":"open","sticky":false,"template":"","format":"standard","meta":{"footnotes":"","_links_to":"","_links_to_target":""},"categories":[1],"tags":[],"class_list":["post-85894","post","type-post","status-publish","format-standard","has-post-thumbnail","hentry","category-geral"],"views":1033,"_links":{"self":[{"href":"https:\/\/www.sudoestehoje.com.br\/novoportal\/wp-json\/wp\/v2\/posts\/85894","targetHints":{"allow":["GET"]}}],"collection":[{"href":"https:\/\/www.sudoestehoje.com.br\/novoportal\/wp-json\/wp\/v2\/posts"}],"about":[{"href":"https:\/\/www.sudoestehoje.com.br\/novoportal\/wp-json\/wp\/v2\/types\/post"}],"author":[{"embeddable":true,"href":"https:\/\/www.sudoestehoje.com.br\/novoportal\/wp-json\/wp\/v2\/users\/2"}],"replies":[{"embeddable":true,"href":"https:\/\/www.sudoestehoje.com.br\/novoportal\/wp-json\/wp\/v2\/comments?post=85894"}],"version-history":[{"count":5,"href":"https:\/\/www.sudoestehoje.com.br\/novoportal\/wp-json\/wp\/v2\/posts\/85894\/revisions"}],"predecessor-version":[{"id":85914,"href":"https:\/\/www.sudoestehoje.com.br\/novoportal\/wp-json\/wp\/v2\/posts\/85894\/revisions\/85914"}],"wp:featuredmedia":[{"embeddable":true,"href":"https:\/\/www.sudoestehoje.com.br\/novoportal\/wp-json\/wp\/v2\/media\/85758"}],"wp:attachment":[{"href":"https:\/\/www.sudoestehoje.com.br\/novoportal\/wp-json\/wp\/v2\/media?parent=85894"}],"wp:term":[{"taxonomy":"category","embeddable":true,"href":"https:\/\/www.sudoestehoje.com.br\/novoportal\/wp-json\/wp\/v2\/categories?post=85894"},{"taxonomy":"post_tag","embeddable":true,"href":"https:\/\/www.sudoestehoje.com.br\/novoportal\/wp-json\/wp\/v2\/tags?post=85894"}],"curies":[{"name":"wp","href":"https:\/\/api.w.org\/{rel}","templated":true}]}}