
{"id":85890,"date":"2020-04-03T10:59:19","date_gmt":"2020-04-03T13:59:19","guid":{"rendered":"https:\/\/www.sudoestehoje.com.br\/novoportal\/?p=85890"},"modified":"2020-04-03T10:59:19","modified_gmt":"2020-04-03T13:59:19","slug":"itapetinga-cdl-confirma-reabertura-do-comercio-a-partir-de-segunda","status":"publish","type":"post","link":"https:\/\/www.sudoestehoje.com.br\/novoportal\/2020\/04\/03\/itapetinga-cdl-confirma-reabertura-do-comercio-a-partir-de-segunda\/","title":{"rendered":"ITAPETINGA: CDL CONFIRMA REABERTURA DO COM\u00c9RCIO A PARTIR DE SEGUNDA"},"content":{"rendered":"<p><a href=\"https:\/\/www.sudoestehoje.com.br\/novoportal\/wp-content\/uploads\/2020\/04\/BANNER-CDL-CORONA.jpg\"><img loading=\"lazy\" decoding=\"async\" class=\"aligncenter size-medium wp-image-85892\" src=\"https:\/\/www.sudoestehoje.com.br\/novoportal\/wp-content\/uploads\/2020\/04\/BANNER-CDL-CORONA-500x281.jpg\" alt=\"\" width=\"500\" height=\"281\" srcset=\"https:\/\/www.sudoestehoje.com.br\/novoportal\/wp-content\/uploads\/2020\/04\/BANNER-CDL-CORONA-500x281.jpg 500w, https:\/\/www.sudoestehoje.com.br\/novoportal\/wp-content\/uploads\/2020\/04\/BANNER-CDL-CORONA-768x432.jpg 768w, https:\/\/www.sudoestehoje.com.br\/novoportal\/wp-content\/uploads\/2020\/04\/BANNER-CDL-CORONA-700x394.jpg 700w, https:\/\/www.sudoestehoje.com.br\/novoportal\/wp-content\/uploads\/2020\/04\/BANNER-CDL-CORONA.jpg 1280w\" sizes=\"auto, (max-width: 500px) 100vw, 500px\" \/><\/a><\/p>\n<p>Atrav\u00e9s das m\u00eddias sociais, a CDL de Itapetinga acaba de informar que o com\u00e9rcio local ser\u00e1 reaberto na pr\u00f3xima segunda-feira, dia 6 de abril, data em que expiram os efeitos do Decreto Municipal que determinou a seu fechamento.<\/p>\n<p>Para evitar contamina\u00e7\u00e3o pelo Coronav\u00edrus, alguma medidas ser\u00e3o adotadas pelos comerciantes, como forma de proteger seus empregados e clientes.<strong><em> Confira as medidas:<\/em><\/strong><\/p>\n<p><strong>*Medidas obrigat\u00f3rias para funcionamento dos estabelecimentos:<\/strong><br \/>\n<strong>\u2022 Intensificar as a\u00e7\u00f5es de limpeza;<\/strong><br \/>\n<strong>\u2022 Utilizar m\u00e1scaras;<\/strong><br \/>\n<strong>\u2022 Disponibilizar \u00e1lcool em gel aos clientes e funcion\u00e1rios;<\/strong><br \/>\n<strong>\u2022 Divulgar as informa\u00e7\u00f5es acerca da COVID-19 e das medidas de preven\u00e7\u00e3o;<\/strong><br \/>\n<strong>\u2022 Evitar aglomera\u00e7\u00e3o, mantendo espa\u00e7amento m\u00ednimo de 1 (um) metro entre as pessoas<\/strong><br \/>\n<strong>* Observar o regramento a ser publicado pelo poder p\u00fablico municipal<\/strong><\/p>\n","protected":false},"excerpt":{"rendered":"<p>Atrav\u00e9s das m\u00eddias sociais, a CDL de Itapetinga acaba de informar que o com\u00e9rcio local ser\u00e1 reaberto na pr\u00f3xima segunda-feira, dia 6 de abril, data em que expiram os efeitos do Decreto Municipal que determinou a seu fechamento. Para evitar contamina\u00e7\u00e3o pelo Coronav\u00edrus, alguma medidas ser\u00e3o adotadas pelos comerciantes, como forma de proteger seus empregados [&hellip;]<\/p>\n","protected":false},"author":2,"featured_media":85892,"comment_status":"open","ping_status":"open","sticky":false,"template":"","format":"standard","meta":{"footnotes":"","_links_to":"","_links_to_target":""},"categories":[1],"tags":[],"class_list":["post-85890","post","type-post","status-publish","format-standard","has-post-thumbnail","hentry","category-geral"],"views":1336,"_links":{"self":[{"href":"https:\/\/www.sudoestehoje.com.br\/novoportal\/wp-json\/wp\/v2\/posts\/85890","targetHints":{"allow":["GET"]}}],"collection":[{"href":"https:\/\/www.sudoestehoje.com.br\/novoportal\/wp-json\/wp\/v2\/posts"}],"about":[{"href":"https:\/\/www.sudoestehoje.com.br\/novoportal\/wp-json\/wp\/v2\/types\/post"}],"author":[{"embeddable":true,"href":"https:\/\/www.sudoestehoje.com.br\/novoportal\/wp-json\/wp\/v2\/users\/2"}],"replies":[{"embeddable":true,"href":"https:\/\/www.sudoestehoje.com.br\/novoportal\/wp-json\/wp\/v2\/comments?post=85890"}],"version-history":[{"count":2,"href":"https:\/\/www.sudoestehoje.com.br\/novoportal\/wp-json\/wp\/v2\/posts\/85890\/revisions"}],"predecessor-version":[{"id":85893,"href":"https:\/\/www.sudoestehoje.com.br\/novoportal\/wp-json\/wp\/v2\/posts\/85890\/revisions\/85893"}],"wp:featuredmedia":[{"embeddable":true,"href":"https:\/\/www.sudoestehoje.com.br\/novoportal\/wp-json\/wp\/v2\/media\/85892"}],"wp:attachment":[{"href":"https:\/\/www.sudoestehoje.com.br\/novoportal\/wp-json\/wp\/v2\/media?parent=85890"}],"wp:term":[{"taxonomy":"category","embeddable":true,"href":"https:\/\/www.sudoestehoje.com.br\/novoportal\/wp-json\/wp\/v2\/categories?post=85890"},{"taxonomy":"post_tag","embeddable":true,"href":"https:\/\/www.sudoestehoje.com.br\/novoportal\/wp-json\/wp\/v2\/tags?post=85890"}],"curies":[{"name":"wp","href":"https:\/\/api.w.org\/{rel}","templated":true}]}}