
{"id":85881,"date":"2020-04-03T10:09:31","date_gmt":"2020-04-03T13:09:31","guid":{"rendered":"https:\/\/www.sudoestehoje.com.br\/novoportal\/?p=85881"},"modified":"2020-04-03T10:09:31","modified_gmt":"2020-04-03T13:09:31","slug":"bahia-quarta-morte-de-idoso-por-coronavirus-e-registrada-em-salvador","status":"publish","type":"post","link":"https:\/\/www.sudoestehoje.com.br\/novoportal\/2020\/04\/03\/bahia-quarta-morte-de-idoso-por-coronavirus-e-registrada-em-salvador\/","title":{"rendered":"BAHIA: QUARTA MORTE DE IDOSO POR CORONAV\u00cdRUS \u00c9 REGISTRADA EM SALVADOR"},"content":{"rendered":"<p><a href=\"https:\/\/www.sudoestehoje.com.br\/novoportal\/wp-content\/uploads\/2020\/04\/IDOSO-CORONA.jpg\"><img loading=\"lazy\" decoding=\"async\" class=\"aligncenter size-medium wp-image-85883\" src=\"https:\/\/www.sudoestehoje.com.br\/novoportal\/wp-content\/uploads\/2020\/04\/IDOSO-CORONA-500x294.jpg\" alt=\"\" width=\"500\" height=\"294\" srcset=\"https:\/\/www.sudoestehoje.com.br\/novoportal\/wp-content\/uploads\/2020\/04\/IDOSO-CORONA-500x294.jpg 500w, https:\/\/www.sudoestehoje.com.br\/novoportal\/wp-content\/uploads\/2020\/04\/IDOSO-CORONA-768x451.jpg 768w, https:\/\/www.sudoestehoje.com.br\/novoportal\/wp-content\/uploads\/2020\/04\/IDOSO-CORONA-700x411.jpg 700w, https:\/\/www.sudoestehoje.com.br\/novoportal\/wp-content\/uploads\/2020\/04\/IDOSO-CORONA.jpg 800w\" sizes=\"auto, (max-width: 500px) 100vw, 500px\" \/><\/a><\/p>\n<p>Um idoso de 79 anos morreu, na manh\u00e3 desta sexta-feira (3), v\u00edtima da Covid-19, em Salvador. Com isso, chega a quatro o n\u00famero de \u00f3bitos pelo v\u00edrus na Bahia.<\/p>\n<p>A informa\u00e7\u00e3o foi divulgada pela Secretaria da Sa\u00fade do Estado da Bahia (Sesab).<\/p>\n<p>O paciente estava internado em um hospital privado da capital, desde 15 de mar\u00e7o, e tinha comorbidades associadas<\/p>\n","protected":false},"excerpt":{"rendered":"<p>Um idoso de 79 anos morreu, na manh\u00e3 desta sexta-feira (3), v\u00edtima da Covid-19, em Salvador. Com isso, chega a quatro o n\u00famero de \u00f3bitos pelo v\u00edrus na Bahia. A informa\u00e7\u00e3o foi divulgada pela Secretaria da Sa\u00fade do Estado da Bahia (Sesab). O paciente estava internado em um hospital privado da capital, desde 15 de [&hellip;]<\/p>\n","protected":false},"author":2,"featured_media":85883,"comment_status":"open","ping_status":"open","sticky":false,"template":"","format":"standard","meta":{"footnotes":"","_links_to":"","_links_to_target":""},"categories":[1],"tags":[],"class_list":["post-85881","post","type-post","status-publish","format-standard","has-post-thumbnail","hentry","category-geral"],"views":692,"_links":{"self":[{"href":"https:\/\/www.sudoestehoje.com.br\/novoportal\/wp-json\/wp\/v2\/posts\/85881","targetHints":{"allow":["GET"]}}],"collection":[{"href":"https:\/\/www.sudoestehoje.com.br\/novoportal\/wp-json\/wp\/v2\/posts"}],"about":[{"href":"https:\/\/www.sudoestehoje.com.br\/novoportal\/wp-json\/wp\/v2\/types\/post"}],"author":[{"embeddable":true,"href":"https:\/\/www.sudoestehoje.com.br\/novoportal\/wp-json\/wp\/v2\/users\/2"}],"replies":[{"embeddable":true,"href":"https:\/\/www.sudoestehoje.com.br\/novoportal\/wp-json\/wp\/v2\/comments?post=85881"}],"version-history":[{"count":2,"href":"https:\/\/www.sudoestehoje.com.br\/novoportal\/wp-json\/wp\/v2\/posts\/85881\/revisions"}],"predecessor-version":[{"id":85884,"href":"https:\/\/www.sudoestehoje.com.br\/novoportal\/wp-json\/wp\/v2\/posts\/85881\/revisions\/85884"}],"wp:featuredmedia":[{"embeddable":true,"href":"https:\/\/www.sudoestehoje.com.br\/novoportal\/wp-json\/wp\/v2\/media\/85883"}],"wp:attachment":[{"href":"https:\/\/www.sudoestehoje.com.br\/novoportal\/wp-json\/wp\/v2\/media?parent=85881"}],"wp:term":[{"taxonomy":"category","embeddable":true,"href":"https:\/\/www.sudoestehoje.com.br\/novoportal\/wp-json\/wp\/v2\/categories?post=85881"},{"taxonomy":"post_tag","embeddable":true,"href":"https:\/\/www.sudoestehoje.com.br\/novoportal\/wp-json\/wp\/v2\/tags?post=85881"}],"curies":[{"name":"wp","href":"https:\/\/api.w.org\/{rel}","templated":true}]}}