
{"id":85877,"date":"2020-04-02T12:41:58","date_gmt":"2020-04-02T15:41:58","guid":{"rendered":"https:\/\/www.sudoestehoje.com.br\/novoportal\/?p=85877"},"modified":"2020-04-02T12:41:58","modified_gmt":"2020-04-02T15:41:58","slug":"bahia-registra-terceiro-obito-pelo-coronavirus-homem-tinha-88-anos","status":"publish","type":"post","link":"https:\/\/www.sudoestehoje.com.br\/novoportal\/2020\/04\/02\/bahia-registra-terceiro-obito-pelo-coronavirus-homem-tinha-88-anos\/","title":{"rendered":"BAHIA REGISTRA TERCEIRO \u00d3BITO PELO CORONAV\u00cdRUS; HOMEM TINHA 88 ANOS"},"content":{"rendered":"<p><a href=\"https:\/\/www.sudoestehoje.com.br\/novoportal\/wp-content\/uploads\/2020\/04\/hospital-da-bahia-787x445.jpg\"><img loading=\"lazy\" decoding=\"async\" class=\"aligncenter size-medium wp-image-85879\" src=\"https:\/\/www.sudoestehoje.com.br\/novoportal\/wp-content\/uploads\/2020\/04\/hospital-da-bahia-787x445-500x283.jpg\" alt=\"\" width=\"500\" height=\"283\" srcset=\"https:\/\/www.sudoestehoje.com.br\/novoportal\/wp-content\/uploads\/2020\/04\/hospital-da-bahia-787x445-500x283.jpg 500w, https:\/\/www.sudoestehoje.com.br\/novoportal\/wp-content\/uploads\/2020\/04\/hospital-da-bahia-787x445-768x434.jpg 768w, https:\/\/www.sudoestehoje.com.br\/novoportal\/wp-content\/uploads\/2020\/04\/hospital-da-bahia-787x445-700x396.jpg 700w, https:\/\/www.sudoestehoje.com.br\/novoportal\/wp-content\/uploads\/2020\/04\/hospital-da-bahia-787x445.jpg 787w\" sizes=\"auto, (max-width: 500px) 100vw, 500px\" \/><\/a><\/p>\n<p>A Bahia registrou o terceiro \u00f3bito pelo novo coronav\u00edrus no estado nesta quinta-feira (2). A v\u00edtima era um idoso de 88 anos que estava internado no Hospital da Bahia.<\/p>\n<p>O paciente estava internado em terapia intensiva desde o dia 23 de mar\u00e7o. O paciente apresentava v\u00e1rias comorbidades tais como diabetes e\u00a0cardiopatia com uso de marca passo e era tabagista at\u00e9 os 40 anos.<\/p>\n<p>A Bahia possui 32 cidades com casos confirmados da Covid-19, sendo Salvador o munic\u00edpios com o maior n\u00famero de casos com 153, que representam 62,2% dos casos do estado. Os dados foram divulgados nesta quarta-feira (1) pela Secretaria de Sa\u00fade da Bahia. <em>\/\/BN<\/em><\/p>\n","protected":false},"excerpt":{"rendered":"<p>A Bahia registrou o terceiro \u00f3bito pelo novo coronav\u00edrus no estado nesta quinta-feira (2). A v\u00edtima era um idoso de 88 anos que estava internado no Hospital da Bahia. O paciente estava internado em terapia intensiva desde o dia 23 de mar\u00e7o. O paciente apresentava v\u00e1rias comorbidades tais como diabetes e\u00a0cardiopatia com uso de marca [&hellip;]<\/p>\n","protected":false},"author":2,"featured_media":85878,"comment_status":"open","ping_status":"open","sticky":false,"template":"","format":"standard","meta":{"footnotes":"","_links_to":"","_links_to_target":""},"categories":[1],"tags":[],"class_list":["post-85877","post","type-post","status-publish","format-standard","has-post-thumbnail","hentry","category-geral"],"views":734,"_links":{"self":[{"href":"https:\/\/www.sudoestehoje.com.br\/novoportal\/wp-json\/wp\/v2\/posts\/85877","targetHints":{"allow":["GET"]}}],"collection":[{"href":"https:\/\/www.sudoestehoje.com.br\/novoportal\/wp-json\/wp\/v2\/posts"}],"about":[{"href":"https:\/\/www.sudoestehoje.com.br\/novoportal\/wp-json\/wp\/v2\/types\/post"}],"author":[{"embeddable":true,"href":"https:\/\/www.sudoestehoje.com.br\/novoportal\/wp-json\/wp\/v2\/users\/2"}],"replies":[{"embeddable":true,"href":"https:\/\/www.sudoestehoje.com.br\/novoportal\/wp-json\/wp\/v2\/comments?post=85877"}],"version-history":[{"count":1,"href":"https:\/\/www.sudoestehoje.com.br\/novoportal\/wp-json\/wp\/v2\/posts\/85877\/revisions"}],"predecessor-version":[{"id":85880,"href":"https:\/\/www.sudoestehoje.com.br\/novoportal\/wp-json\/wp\/v2\/posts\/85877\/revisions\/85880"}],"wp:featuredmedia":[{"embeddable":true,"href":"https:\/\/www.sudoestehoje.com.br\/novoportal\/wp-json\/wp\/v2\/media\/85878"}],"wp:attachment":[{"href":"https:\/\/www.sudoestehoje.com.br\/novoportal\/wp-json\/wp\/v2\/media?parent=85877"}],"wp:term":[{"taxonomy":"category","embeddable":true,"href":"https:\/\/www.sudoestehoje.com.br\/novoportal\/wp-json\/wp\/v2\/categories?post=85877"},{"taxonomy":"post_tag","embeddable":true,"href":"https:\/\/www.sudoestehoje.com.br\/novoportal\/wp-json\/wp\/v2\/tags?post=85877"}],"curies":[{"name":"wp","href":"https:\/\/api.w.org\/{rel}","templated":true}]}}