
{"id":85872,"date":"2020-04-02T11:48:47","date_gmt":"2020-04-02T14:48:47","guid":{"rendered":"https:\/\/www.sudoestehoje.com.br\/novoportal\/?p=85872"},"modified":"2020-04-02T11:58:24","modified_gmt":"2020-04-02T14:58:24","slug":"itapetinga-quatro-secretarios-municipais-deixam-cargos-nesta-sexta-para-disputar-vagas-na-camara","status":"publish","type":"post","link":"https:\/\/www.sudoestehoje.com.br\/novoportal\/2020\/04\/02\/itapetinga-quatro-secretarios-municipais-deixam-cargos-nesta-sexta-para-disputar-vagas-na-camara\/","title":{"rendered":"ITAPETINGA: QUATRO SECRET\u00c1RIOS MUNICIPAIS DEIXAM CARGOS NESTA SEXTA PARA DISPUTAR VAGAS NA C\u00c2MARA"},"content":{"rendered":"<p><a href=\"https:\/\/www.sudoestehoje.com.br\/novoportal\/wp-content\/uploads\/2020\/02\/quatro-sec-1.jpg\"><img loading=\"lazy\" decoding=\"async\" class=\"aligncenter size-medium wp-image-85047\" src=\"https:\/\/www.sudoestehoje.com.br\/novoportal\/wp-content\/uploads\/2020\/02\/quatro-sec-1-500x178.jpg\" alt=\"\" width=\"500\" height=\"178\" srcset=\"https:\/\/www.sudoestehoje.com.br\/novoportal\/wp-content\/uploads\/2020\/02\/quatro-sec-1-500x178.jpg 500w, https:\/\/www.sudoestehoje.com.br\/novoportal\/wp-content\/uploads\/2020\/02\/quatro-sec-1.jpg 618w\" sizes=\"auto, (max-width: 500px) 100vw, 500px\" \/><\/a><\/p>\n<p>Quatro ocupantes do primeiro escal\u00e3o da administra\u00e7\u00e3o municipal de Itapetinga deixam seus cargos, nesta sexta-feira (3), para disputarem as elei\u00e7\u00f5es de 4 de outubro, como candidatos a vereador, por determina\u00e7\u00e3o da legisla\u00e7\u00e3o eleitoral.<\/p>\n<p><strong>Eliene Portela (Esporte), Juscelino Gomes (Desenvolvimento Econ\u00f4mico), Luciano Almeida (Transporte) e Alex Dutra (Diretor do SAAE)<\/strong> formam a lista dos que ser\u00e3o exonerados pelo prefeito Rodrigo Hagge (MDB), a pedido, para disputarem o pleito.<\/p>\n<p>Al\u00e9m dos quatro integrantes do primeiro escal\u00e3o municipal, deixa tamb\u00e9m o cargo para concorrer ao uma vaga no legislativo, o atual administrador do povoado de Palmares, Carl\u00e3o.<\/p>\n<p>O Chefe do Executivo Municipal ainda n\u00e3o anunciou os nomes do substitutos.<\/p>\n<p><strong><em>Por Davi Ferraz<\/em><\/strong><\/p>\n","protected":false},"excerpt":{"rendered":"<p>Quatro ocupantes do primeiro escal\u00e3o da administra\u00e7\u00e3o municipal de Itapetinga deixam seus cargos, nesta sexta-feira (3), para disputarem as elei\u00e7\u00f5es de 4 de outubro, como candidatos a vereador, por determina\u00e7\u00e3o da legisla\u00e7\u00e3o eleitoral. Eliene Portela (Esporte), Juscelino Gomes (Desenvolvimento Econ\u00f4mico), Luciano Almeida (Transporte) e Alex Dutra (Diretor do SAAE) formam a lista dos que ser\u00e3o [&hellip;]<\/p>\n","protected":false},"author":2,"featured_media":85040,"comment_status":"open","ping_status":"open","sticky":false,"template":"","format":"standard","meta":{"footnotes":"","_links_to":"","_links_to_target":""},"categories":[1],"tags":[],"class_list":["post-85872","post","type-post","status-publish","format-standard","has-post-thumbnail","hentry","category-geral"],"views":747,"_links":{"self":[{"href":"https:\/\/www.sudoestehoje.com.br\/novoportal\/wp-json\/wp\/v2\/posts\/85872","targetHints":{"allow":["GET"]}}],"collection":[{"href":"https:\/\/www.sudoestehoje.com.br\/novoportal\/wp-json\/wp\/v2\/posts"}],"about":[{"href":"https:\/\/www.sudoestehoje.com.br\/novoportal\/wp-json\/wp\/v2\/types\/post"}],"author":[{"embeddable":true,"href":"https:\/\/www.sudoestehoje.com.br\/novoportal\/wp-json\/wp\/v2\/users\/2"}],"replies":[{"embeddable":true,"href":"https:\/\/www.sudoestehoje.com.br\/novoportal\/wp-json\/wp\/v2\/comments?post=85872"}],"version-history":[{"count":4,"href":"https:\/\/www.sudoestehoje.com.br\/novoportal\/wp-json\/wp\/v2\/posts\/85872\/revisions"}],"predecessor-version":[{"id":85876,"href":"https:\/\/www.sudoestehoje.com.br\/novoportal\/wp-json\/wp\/v2\/posts\/85872\/revisions\/85876"}],"wp:featuredmedia":[{"embeddable":true,"href":"https:\/\/www.sudoestehoje.com.br\/novoportal\/wp-json\/wp\/v2\/media\/85040"}],"wp:attachment":[{"href":"https:\/\/www.sudoestehoje.com.br\/novoportal\/wp-json\/wp\/v2\/media?parent=85872"}],"wp:term":[{"taxonomy":"category","embeddable":true,"href":"https:\/\/www.sudoestehoje.com.br\/novoportal\/wp-json\/wp\/v2\/categories?post=85872"},{"taxonomy":"post_tag","embeddable":true,"href":"https:\/\/www.sudoestehoje.com.br\/novoportal\/wp-json\/wp\/v2\/tags?post=85872"}],"curies":[{"name":"wp","href":"https:\/\/api.w.org\/{rel}","templated":true}]}}