
{"id":85867,"date":"2020-04-02T11:20:23","date_gmt":"2020-04-02T14:20:23","guid":{"rendered":"https:\/\/www.sudoestehoje.com.br\/novoportal\/?p=85867"},"modified":"2020-04-02T11:20:23","modified_gmt":"2020-04-02T14:20:23","slug":"bahia-liminar-da-justica-garante-merenda-a-estudantes-da-rede-estadual-que-tiveram-aulas-suspensas","status":"publish","type":"post","link":"https:\/\/www.sudoestehoje.com.br\/novoportal\/2020\/04\/02\/bahia-liminar-da-justica-garante-merenda-a-estudantes-da-rede-estadual-que-tiveram-aulas-suspensas\/","title":{"rendered":"BAHIA: LIMINAR DA JUSTI\u00c7A GARANTE MERENDA A ESTUDANTES DA REDE ESTADUAL QUE TIVERAM AULAS SUSPENSAS"},"content":{"rendered":"<p><a href=\"https:\/\/www.sudoestehoje.com.br\/novoportal\/wp-content\/uploads\/2020\/04\/MERENDA-GARANTIDA.jpg\"><img loading=\"lazy\" decoding=\"async\" class=\"aligncenter size-medium wp-image-85870\" src=\"https:\/\/www.sudoestehoje.com.br\/novoportal\/wp-content\/uploads\/2020\/04\/MERENDA-GARANTIDA-500x285.jpg\" alt=\"\" width=\"500\" height=\"285\" srcset=\"https:\/\/www.sudoestehoje.com.br\/novoportal\/wp-content\/uploads\/2020\/04\/MERENDA-GARANTIDA-500x285.jpg 500w, https:\/\/www.sudoestehoje.com.br\/novoportal\/wp-content\/uploads\/2020\/04\/MERENDA-GARANTIDA-700x399.jpg 700w, https:\/\/www.sudoestehoje.com.br\/novoportal\/wp-content\/uploads\/2020\/04\/MERENDA-GARANTIDA.jpg 701w\" sizes=\"auto, (max-width: 500px) 100vw, 500px\" \/><\/a><\/p>\n<p>Tribunal de Justi\u00e7a da Bahia (TJ-BA) concedeu liminar, a pedido da Defensoria P\u00fablica (DPE-BA) que obriga o Governo do Estado a fornecer alimenta\u00e7\u00e3o a todos os alunos da rede p\u00fablica estadual, que tiveram as aulas suspensas. O prazo dado para cumprimento da decis\u00e3o \u00e9 de 48 horas \u00fateis, sob pena de multa di\u00e1ria de R$ 100 mil.<\/p>\n<p>A decis\u00e3o ainda determina que o Estado pode escolher \u00a0a forma de garantir que os estudantes recebam alimenta\u00e7\u00e3o, independentemente de as fam\u00edlias serem benefici\u00e1rias de programas de transfer\u00eancia de renda e estarem em determinados cadastros. As alternativas dadas pela Justi\u00e7a formam: por meio de repasse de verba, pela oferta de cestas b\u00e1sicas\/kit alimenta\u00e7\u00e3o, ou da forma mais conveniente, desde que n\u00e3o gere \u00f4nus para as fam\u00edlias nem crie aglomera\u00e7\u00f5es.<\/p>\n<p><em>\u201cFizemos nota recomendat\u00f3ria e tentamos de forma ampla a solu\u00e7\u00e3o extrajudicial, mas n\u00e3o pod\u00edamos deixar as crian\u00e7as e adolescentes desamparados\u201d<\/em>, disse Gisele Aguiar Ribeiro Pereira Argolo, coordenadora da Especializada de Defesa da Crian\u00e7a e do Adolescente.<em> \/\/BNews<\/em><\/p>\n","protected":false},"excerpt":{"rendered":"<p>Tribunal de Justi\u00e7a da Bahia (TJ-BA) concedeu liminar, a pedido da Defensoria P\u00fablica (DPE-BA) que obriga o Governo do Estado a fornecer alimenta\u00e7\u00e3o a todos os alunos da rede p\u00fablica estadual, que tiveram as aulas suspensas. O prazo dado para cumprimento da decis\u00e3o \u00e9 de 48 horas \u00fateis, sob pena de multa di\u00e1ria de R$ [&hellip;]<\/p>\n","protected":false},"author":2,"featured_media":85870,"comment_status":"open","ping_status":"open","sticky":false,"template":"","format":"standard","meta":{"footnotes":"","_links_to":"","_links_to_target":""},"categories":[1],"tags":[],"class_list":["post-85867","post","type-post","status-publish","format-standard","has-post-thumbnail","hentry","category-geral"],"views":787,"_links":{"self":[{"href":"https:\/\/www.sudoestehoje.com.br\/novoportal\/wp-json\/wp\/v2\/posts\/85867","targetHints":{"allow":["GET"]}}],"collection":[{"href":"https:\/\/www.sudoestehoje.com.br\/novoportal\/wp-json\/wp\/v2\/posts"}],"about":[{"href":"https:\/\/www.sudoestehoje.com.br\/novoportal\/wp-json\/wp\/v2\/types\/post"}],"author":[{"embeddable":true,"href":"https:\/\/www.sudoestehoje.com.br\/novoportal\/wp-json\/wp\/v2\/users\/2"}],"replies":[{"embeddable":true,"href":"https:\/\/www.sudoestehoje.com.br\/novoportal\/wp-json\/wp\/v2\/comments?post=85867"}],"version-history":[{"count":3,"href":"https:\/\/www.sudoestehoje.com.br\/novoportal\/wp-json\/wp\/v2\/posts\/85867\/revisions"}],"predecessor-version":[{"id":85871,"href":"https:\/\/www.sudoestehoje.com.br\/novoportal\/wp-json\/wp\/v2\/posts\/85867\/revisions\/85871"}],"wp:featuredmedia":[{"embeddable":true,"href":"https:\/\/www.sudoestehoje.com.br\/novoportal\/wp-json\/wp\/v2\/media\/85870"}],"wp:attachment":[{"href":"https:\/\/www.sudoestehoje.com.br\/novoportal\/wp-json\/wp\/v2\/media?parent=85867"}],"wp:term":[{"taxonomy":"category","embeddable":true,"href":"https:\/\/www.sudoestehoje.com.br\/novoportal\/wp-json\/wp\/v2\/categories?post=85867"},{"taxonomy":"post_tag","embeddable":true,"href":"https:\/\/www.sudoestehoje.com.br\/novoportal\/wp-json\/wp\/v2\/tags?post=85867"}],"curies":[{"name":"wp","href":"https:\/\/api.w.org\/{rel}","templated":true}]}}