
{"id":85861,"date":"2020-04-01T21:36:03","date_gmt":"2020-04-02T00:36:03","guid":{"rendered":"https:\/\/www.sudoestehoje.com.br\/novoportal\/?p=85861"},"modified":"2020-04-01T21:36:03","modified_gmt":"2020-04-02T00:36:03","slug":"caatiba-comemora-59o-aniversario","status":"publish","type":"post","link":"https:\/\/www.sudoestehoje.com.br\/novoportal\/2020\/04\/01\/caatiba-comemora-59o-aniversario\/","title":{"rendered":"CAATIBA COMEMORA 59\u00ba ANIVERS\u00c1RIO"},"content":{"rendered":"<p><a href=\"https:\/\/www.sudoestehoje.com.br\/novoportal\/wp-content\/uploads\/2020\/04\/ANIV-CAAT.jpg\"><img loading=\"lazy\" decoding=\"async\" class=\"aligncenter size-medium wp-image-85864\" src=\"https:\/\/www.sudoestehoje.com.br\/novoportal\/wp-content\/uploads\/2020\/04\/ANIV-CAAT-494x700.jpg\" alt=\"\" width=\"494\" height=\"700\" srcset=\"https:\/\/www.sudoestehoje.com.br\/novoportal\/wp-content\/uploads\/2020\/04\/ANIV-CAAT-494x700.jpg 494w, https:\/\/www.sudoestehoje.com.br\/novoportal\/wp-content\/uploads\/2020\/04\/ANIV-CAAT-635x900.jpg 635w, https:\/\/www.sudoestehoje.com.br\/novoportal\/wp-content\/uploads\/2020\/04\/ANIV-CAAT.jpg 677w\" sizes=\"auto, (max-width: 494px) 100vw, 494px\" \/><\/a><\/p>\n<p>Estamos vivendo dias dif\u00edceis, de agonias e de incertezas, mas n\u00e3o podemos deixar de lembrar e felicitar o nosso munic\u00edpio pelos seus 59 anos. Hoje \u00e9 dia de dizer\u00a0parab\u00e9ns\u00a0a nossa jovem cidade! Temos a certeza que ainda vamos comemorar que teremos muitos outros anos de alegrias e iremos sim, nos abra\u00e7ar, todos juntos em nome da vida! Que a prosperidade e dias de muita sa\u00fade possam ser vividos nos muitos outros anos da nossa amada terra. Que Deus nos proteja e aben\u00e7oe!<\/p>\n<p><strong>PARAB\u00c9NS\u00a0CAATIBA!<\/strong><\/p>\n<p><strong>PREFEITA T\u00c2NIA RIBEIRO &#8211; VICE PAULO PAIVA<\/strong><\/p>\n","protected":false},"excerpt":{"rendered":"<p>Estamos vivendo dias dif\u00edceis, de agonias e de incertezas, mas n\u00e3o podemos deixar de lembrar e felicitar o nosso munic\u00edpio pelos seus 59 anos. Hoje \u00e9 dia de dizer\u00a0parab\u00e9ns\u00a0a nossa jovem cidade! Temos a certeza que ainda vamos comemorar que teremos muitos outros anos de alegrias e iremos sim, nos abra\u00e7ar, todos juntos em nome [&hellip;]<\/p>\n","protected":false},"author":2,"featured_media":85864,"comment_status":"open","ping_status":"open","sticky":false,"template":"","format":"standard","meta":{"footnotes":"","_links_to":"","_links_to_target":""},"categories":[1],"tags":[],"class_list":["post-85861","post","type-post","status-publish","format-standard","has-post-thumbnail","hentry","category-geral"],"views":952,"_links":{"self":[{"href":"https:\/\/www.sudoestehoje.com.br\/novoportal\/wp-json\/wp\/v2\/posts\/85861","targetHints":{"allow":["GET"]}}],"collection":[{"href":"https:\/\/www.sudoestehoje.com.br\/novoportal\/wp-json\/wp\/v2\/posts"}],"about":[{"href":"https:\/\/www.sudoestehoje.com.br\/novoportal\/wp-json\/wp\/v2\/types\/post"}],"author":[{"embeddable":true,"href":"https:\/\/www.sudoestehoje.com.br\/novoportal\/wp-json\/wp\/v2\/users\/2"}],"replies":[{"embeddable":true,"href":"https:\/\/www.sudoestehoje.com.br\/novoportal\/wp-json\/wp\/v2\/comments?post=85861"}],"version-history":[{"count":4,"href":"https:\/\/www.sudoestehoje.com.br\/novoportal\/wp-json\/wp\/v2\/posts\/85861\/revisions"}],"predecessor-version":[{"id":85866,"href":"https:\/\/www.sudoestehoje.com.br\/novoportal\/wp-json\/wp\/v2\/posts\/85861\/revisions\/85866"}],"wp:featuredmedia":[{"embeddable":true,"href":"https:\/\/www.sudoestehoje.com.br\/novoportal\/wp-json\/wp\/v2\/media\/85864"}],"wp:attachment":[{"href":"https:\/\/www.sudoestehoje.com.br\/novoportal\/wp-json\/wp\/v2\/media?parent=85861"}],"wp:term":[{"taxonomy":"category","embeddable":true,"href":"https:\/\/www.sudoestehoje.com.br\/novoportal\/wp-json\/wp\/v2\/categories?post=85861"},{"taxonomy":"post_tag","embeddable":true,"href":"https:\/\/www.sudoestehoje.com.br\/novoportal\/wp-json\/wp\/v2\/tags?post=85861"}],"curies":[{"name":"wp","href":"https:\/\/api.w.org\/{rel}","templated":true}]}}