
{"id":85858,"date":"2020-04-01T20:28:35","date_gmt":"2020-04-01T23:28:35","guid":{"rendered":"https:\/\/www.sudoestehoje.com.br\/novoportal\/?p=85858"},"modified":"2020-04-01T20:28:35","modified_gmt":"2020-04-01T23:28:35","slug":"agencia-do-bradesco-suspende-atendimento-apos-funcionario-apresentar-sintomas-do-coronavirus","status":"publish","type":"post","link":"https:\/\/www.sudoestehoje.com.br\/novoportal\/2020\/04\/01\/agencia-do-bradesco-suspende-atendimento-apos-funcionario-apresentar-sintomas-do-coronavirus\/","title":{"rendered":"AG\u00caNCIA DO BRADESCO SUSPENDE ATENDIMENTO AP\u00d3S FUNCION\u00c1RIO APRESENTAR SINTOMAS DO CORONAV\u00cdRUS"},"content":{"rendered":"<p><a href=\"https:\/\/www.sudoestehoje.com.br\/novoportal\/wp-content\/uploads\/2020\/04\/AG-BRADESCO-FEIRA.jpg\"><img loading=\"lazy\" decoding=\"async\" class=\"aligncenter size-medium wp-image-85859\" src=\"https:\/\/www.sudoestehoje.com.br\/novoportal\/wp-content\/uploads\/2020\/04\/AG-BRADESCO-FEIRA-500x281.jpg\" alt=\"\" width=\"500\" height=\"281\" srcset=\"https:\/\/www.sudoestehoje.com.br\/novoportal\/wp-content\/uploads\/2020\/04\/AG-BRADESCO-FEIRA-500x281.jpg 500w, https:\/\/www.sudoestehoje.com.br\/novoportal\/wp-content\/uploads\/2020\/04\/AG-BRADESCO-FEIRA-768x431.jpg 768w, https:\/\/www.sudoestehoje.com.br\/novoportal\/wp-content\/uploads\/2020\/04\/AG-BRADESCO-FEIRA-700x393.jpg 700w, https:\/\/www.sudoestehoje.com.br\/novoportal\/wp-content\/uploads\/2020\/04\/AG-BRADESCO-FEIRA.jpg 890w\" sizes=\"auto, (max-width: 500px) 100vw, 500px\" \/><\/a><\/p>\n<p>A ag\u00eancia do banco Bradesco, situada na Avenida Senhor dos Passos, em Feira de Santana, foi fechada nesta quarta-feira (1\u00ba), ap\u00f3s um funcion\u00e1rio apresentar suspeita de coronav\u00edrus.<\/p>\n<p>Segundo informa\u00e7\u00f5es do site Acorda Cidade, alguns funcion\u00e1rios foram afastados, em quarentena, e a ag\u00eancia passou por uma desinfec\u00e7\u00e3o.<\/p>\n<p>\u201cNossa reivindica\u00e7\u00e3o \u00e9 que todos os funcion\u00e1rios dessa ag\u00eancia estejam em quarentena. O banco est\u00e1 fazendo uma conta sobre o cont\u00e1gio para saber quem teve contato com a pessoa que est\u00e1 suspeita, mas a gente n\u00e3o concorda. O ideal seria a quarentena para todo o quadro daquela ag\u00eancia\u201d, disse a diretora do Sindicato dos Banc\u00e1rios de Feira de Santana, Sandra Freitas, em entrevista ao site.<\/p>\n<p>\u201cQualquer caso suspeito, [os gestores] precisam fazer os procedimentos que s\u00e3o recomendados, que \u00e9 desinfetar as ag\u00eancias e colocar o quadro de empregados todo de quarentena. \u00c9 um apelo que n\u00f3s fazemos. A categoria banc\u00e1ria est\u00e1 apavorada e pedindo socorro\u201d, concluiu.<\/p>\n","protected":false},"excerpt":{"rendered":"<p>A ag\u00eancia do banco Bradesco, situada na Avenida Senhor dos Passos, em Feira de Santana, foi fechada nesta quarta-feira (1\u00ba), ap\u00f3s um funcion\u00e1rio apresentar suspeita de coronav\u00edrus. Segundo informa\u00e7\u00f5es do site Acorda Cidade, alguns funcion\u00e1rios foram afastados, em quarentena, e a ag\u00eancia passou por uma desinfec\u00e7\u00e3o. \u201cNossa reivindica\u00e7\u00e3o \u00e9 que todos os funcion\u00e1rios dessa ag\u00eancia [&hellip;]<\/p>\n","protected":false},"author":2,"featured_media":85859,"comment_status":"open","ping_status":"open","sticky":false,"template":"","format":"standard","meta":{"footnotes":"","_links_to":"","_links_to_target":""},"categories":[1],"tags":[],"class_list":["post-85858","post","type-post","status-publish","format-standard","has-post-thumbnail","hentry","category-geral"],"views":801,"_links":{"self":[{"href":"https:\/\/www.sudoestehoje.com.br\/novoportal\/wp-json\/wp\/v2\/posts\/85858","targetHints":{"allow":["GET"]}}],"collection":[{"href":"https:\/\/www.sudoestehoje.com.br\/novoportal\/wp-json\/wp\/v2\/posts"}],"about":[{"href":"https:\/\/www.sudoestehoje.com.br\/novoportal\/wp-json\/wp\/v2\/types\/post"}],"author":[{"embeddable":true,"href":"https:\/\/www.sudoestehoje.com.br\/novoportal\/wp-json\/wp\/v2\/users\/2"}],"replies":[{"embeddable":true,"href":"https:\/\/www.sudoestehoje.com.br\/novoportal\/wp-json\/wp\/v2\/comments?post=85858"}],"version-history":[{"count":1,"href":"https:\/\/www.sudoestehoje.com.br\/novoportal\/wp-json\/wp\/v2\/posts\/85858\/revisions"}],"predecessor-version":[{"id":85860,"href":"https:\/\/www.sudoestehoje.com.br\/novoportal\/wp-json\/wp\/v2\/posts\/85858\/revisions\/85860"}],"wp:featuredmedia":[{"embeddable":true,"href":"https:\/\/www.sudoestehoje.com.br\/novoportal\/wp-json\/wp\/v2\/media\/85859"}],"wp:attachment":[{"href":"https:\/\/www.sudoestehoje.com.br\/novoportal\/wp-json\/wp\/v2\/media?parent=85858"}],"wp:term":[{"taxonomy":"category","embeddable":true,"href":"https:\/\/www.sudoestehoje.com.br\/novoportal\/wp-json\/wp\/v2\/categories?post=85858"},{"taxonomy":"post_tag","embeddable":true,"href":"https:\/\/www.sudoestehoje.com.br\/novoportal\/wp-json\/wp\/v2\/tags?post=85858"}],"curies":[{"name":"wp","href":"https:\/\/api.w.org\/{rel}","templated":true}]}}