
{"id":85822,"date":"2020-03-30T22:31:26","date_gmt":"2020-03-31T01:31:26","guid":{"rendered":"https:\/\/www.sudoestehoje.com.br\/novoportal\/?p=85822"},"modified":"2020-03-30T22:31:26","modified_gmt":"2020-03-31T01:31:26","slug":"senado-aprova-distribuicao-de-merenda-escolar-as-familias-com-filhos-na-rede-publica-de-ensino","status":"publish","type":"post","link":"https:\/\/www.sudoestehoje.com.br\/novoportal\/2020\/03\/30\/senado-aprova-distribuicao-de-merenda-escolar-as-familias-com-filhos-na-rede-publica-de-ensino\/","title":{"rendered":"SENADO APROVA DISTRIBUI\u00c7\u00c3O DE MERENDA ESCOLAR \u00c0S FAM\u00cdLIAS COM FILHOS NA REDE P\u00daBLICA DE ENSINO"},"content":{"rendered":"<p><a href=\"https:\/\/www.sudoestehoje.com.br\/novoportal\/wp-content\/uploads\/2020\/03\/MERENDA-ESC.jpg\"><img loading=\"lazy\" decoding=\"async\" class=\"aligncenter size-medium wp-image-85825\" src=\"https:\/\/www.sudoestehoje.com.br\/novoportal\/wp-content\/uploads\/2020\/03\/MERENDA-ESC-500x260.jpg\" alt=\"\" width=\"500\" height=\"260\" srcset=\"https:\/\/www.sudoestehoje.com.br\/novoportal\/wp-content\/uploads\/2020\/03\/MERENDA-ESC-500x260.jpg 500w, https:\/\/www.sudoestehoje.com.br\/novoportal\/wp-content\/uploads\/2020\/03\/MERENDA-ESC.jpg 540w\" sizes=\"auto, (max-width: 500px) 100vw, 500px\" \/><\/a><\/p>\n<p>O Senado federal aprovou, nesta segunda-feira (30), o projeto de lei que determina a distribui\u00e7\u00e3o dos alimentos da merenda escolar \u00e0s fam\u00edlias dos estudantes que tiveram suspensas as aulas na rede p\u00fablica de educa\u00e7\u00e3o b\u00e1sica devido \u00e0 pandemia do coronav\u00edrus. O projeto j\u00e1 havia sido aprovado na C\u00e2mara dos Deputados no \u00faltimo dia 25 e, em seguida, tramitou no Senado em regime de urg\u00eancia. O texto segue agora para san\u00e7\u00e3o presidencial.<\/p>\n<p>O dinheiro do Programa Nacional de Alimenta\u00e7\u00e3o Escolar (PNAE) continuar\u00e1 a ser repassado pela Uni\u00e3o a estados e munic\u00edpios para a compra de merenda escolar. No entanto, como as escolas p\u00fablicas est\u00e3o fechadas por causa da pandemia, os alimentos dever\u00e3o ser distribu\u00eddos imediatamente aos pais ou aos respons\u00e1veis pelos estudantes matriculados nessas escolas.<\/p>\n<p>A distribui\u00e7\u00e3o dos alimentos da merenda escolar poder\u00e1 ser feita todas as vezes em que as aulas da rede p\u00fablica forem suspensas em raz\u00e3o de situa\u00e7\u00e3o de emerg\u00eancia ou de calamidade p\u00fablica.<\/p>\n<p>Segundo o Censo Escolar 2019, o Brasil possui quase 39 milh\u00f5es de crian\u00e7as e adolescentes matriculados na rede p\u00fablica de educa\u00e7\u00e3o b\u00e1sica. Na rede privada, estima-se que haja pouco mais de nove milh\u00f5es de estudantes. <em>\/\/BN<\/em><\/p>\n","protected":false},"excerpt":{"rendered":"<p>O Senado federal aprovou, nesta segunda-feira (30), o projeto de lei que determina a distribui\u00e7\u00e3o dos alimentos da merenda escolar \u00e0s fam\u00edlias dos estudantes que tiveram suspensas as aulas na rede p\u00fablica de educa\u00e7\u00e3o b\u00e1sica devido \u00e0 pandemia do coronav\u00edrus. O projeto j\u00e1 havia sido aprovado na C\u00e2mara dos Deputados no \u00faltimo dia 25 e, [&hellip;]<\/p>\n","protected":false},"author":2,"featured_media":85825,"comment_status":"open","ping_status":"open","sticky":false,"template":"","format":"standard","meta":{"footnotes":"","_links_to":"","_links_to_target":""},"categories":[1],"tags":[],"class_list":["post-85822","post","type-post","status-publish","format-standard","has-post-thumbnail","hentry","category-geral"],"views":859,"_links":{"self":[{"href":"https:\/\/www.sudoestehoje.com.br\/novoportal\/wp-json\/wp\/v2\/posts\/85822","targetHints":{"allow":["GET"]}}],"collection":[{"href":"https:\/\/www.sudoestehoje.com.br\/novoportal\/wp-json\/wp\/v2\/posts"}],"about":[{"href":"https:\/\/www.sudoestehoje.com.br\/novoportal\/wp-json\/wp\/v2\/types\/post"}],"author":[{"embeddable":true,"href":"https:\/\/www.sudoestehoje.com.br\/novoportal\/wp-json\/wp\/v2\/users\/2"}],"replies":[{"embeddable":true,"href":"https:\/\/www.sudoestehoje.com.br\/novoportal\/wp-json\/wp\/v2\/comments?post=85822"}],"version-history":[{"count":3,"href":"https:\/\/www.sudoestehoje.com.br\/novoportal\/wp-json\/wp\/v2\/posts\/85822\/revisions"}],"predecessor-version":[{"id":85826,"href":"https:\/\/www.sudoestehoje.com.br\/novoportal\/wp-json\/wp\/v2\/posts\/85822\/revisions\/85826"}],"wp:featuredmedia":[{"embeddable":true,"href":"https:\/\/www.sudoestehoje.com.br\/novoportal\/wp-json\/wp\/v2\/media\/85825"}],"wp:attachment":[{"href":"https:\/\/www.sudoestehoje.com.br\/novoportal\/wp-json\/wp\/v2\/media?parent=85822"}],"wp:term":[{"taxonomy":"category","embeddable":true,"href":"https:\/\/www.sudoestehoje.com.br\/novoportal\/wp-json\/wp\/v2\/categories?post=85822"},{"taxonomy":"post_tag","embeddable":true,"href":"https:\/\/www.sudoestehoje.com.br\/novoportal\/wp-json\/wp\/v2\/tags?post=85822"}],"curies":[{"name":"wp","href":"https:\/\/api.w.org\/{rel}","templated":true}]}}