
{"id":85816,"date":"2020-03-30T21:57:23","date_gmt":"2020-03-31T00:57:23","guid":{"rendered":"https:\/\/www.sudoestehoje.com.br\/novoportal\/?p=85816"},"modified":"2020-03-30T21:57:23","modified_gmt":"2020-03-31T00:57:23","slug":"assembleia-legislativa-vota-novos-pedidos-de-reconhecimento-de-calamidade-publica-nesta-quarta-em-sessao-remota","status":"publish","type":"post","link":"https:\/\/www.sudoestehoje.com.br\/novoportal\/2020\/03\/30\/assembleia-legislativa-vota-novos-pedidos-de-reconhecimento-de-calamidade-publica-nesta-quarta-em-sessao-remota\/","title":{"rendered":"ASSEMBL\u00c9IA LEGISLATIVA VOTA NOVOS PEDIDOS DE RECONHECIMENTO DE CALAMIDADE P\u00daBLICA NESTA QUARTA, EM SESS\u00c3O REMOTA"},"content":{"rendered":"<p><a href=\"https:\/\/www.sudoestehoje.com.br\/novoportal\/wp-content\/uploads\/2020\/03\/ALBA-2.jpg\"><img loading=\"lazy\" decoding=\"async\" class=\"aligncenter size-medium wp-image-85817\" src=\"https:\/\/www.sudoestehoje.com.br\/novoportal\/wp-content\/uploads\/2020\/03\/ALBA-2-500x332.jpg\" alt=\"\" width=\"500\" height=\"332\" srcset=\"https:\/\/www.sudoestehoje.com.br\/novoportal\/wp-content\/uploads\/2020\/03\/ALBA-2-500x332.jpg 500w, https:\/\/www.sudoestehoje.com.br\/novoportal\/wp-content\/uploads\/2020\/03\/ALBA-2-768x511.jpg 768w, https:\/\/www.sudoestehoje.com.br\/novoportal\/wp-content\/uploads\/2020\/03\/ALBA-2-700x465.jpg 700w, https:\/\/www.sudoestehoje.com.br\/novoportal\/wp-content\/uploads\/2020\/03\/ALBA-2.jpg 1280w\" sizes=\"auto, (max-width: 500px) 100vw, 500px\" \/><\/a><\/p>\n<p><em><strong>Ascom<\/strong><\/em><\/p>\n<p>A Assembleia Legislativa da Bahia vota nesta quarta-feira, a partir das 10h, atrav\u00e9s do <strong>Sistema de Delibera\u00e7\u00e3o Remota (SDR)<\/strong>, novas mensagens solicitando reconhecimento do <em>\u201cestado de calamidade p\u00fablica\u201d<\/em> em decorr\u00eancia da pandemia do coronav\u00edrus.<\/p>\n<p>N\u00famero consider\u00e1vel de prefeituras est\u00e1 encaminhando ao Legislativo solicita\u00e7\u00f5es id\u00eanticas para integrar essa segunda reuni\u00e3o sob o regime do SDR. A pauta com as mat\u00e9rias que ser\u00e3o votadas \u00e9 a base da convoca\u00e7\u00e3o formal dos trabalhos e precisa ser publicada no Caderno do Legislativo do Di\u00e1rio Oficial 24 horas antes, por exig\u00eancia regimental.<\/p>\n<p>Inicialmente, o plen\u00e1rio virtual apreciaria hoje (31.03) apenas as mensagens formuladas pelas prefeituras de Feira de Santana, Cama\u00e7ari e Lauro de Freitas \u2013 que possuem uma realidade comum: Amplia\u00e7\u00e3o das despesas nas \u00e1reas de sa\u00fade e social, aliada a cen\u00e1rio de redu\u00e7\u00e3o de receitas.<\/p>\n<p>S\u00e3o cidades de elevado \u00edndice populacional, or\u00e7amentos complexos que ter\u00e3o significativa diminui\u00e7\u00e3o e implicariam no descumprimento de metas fiscais estabelecidas para o atual exerc\u00edcio, infringindo a Lei de Responsabilidade Fiscal. Esses tr\u00eas pedidos j\u00e1 est\u00e3o publicados (outros estar\u00e3o na edi\u00e7\u00e3o de hoje do Caderno do Legislativo)<\/p>\n<p>PAUTA AMPLIADA<\/p>\n<p>Diante das mensagens de outras prefeituras \u2013 no mesmo sentido \u2013, o presidente Nelson Leal, depois de ouvir os deputados Rosemberg Pinto (PT) e Sandro R\u00e9gis (DEM), respectivamente, l\u00edderes do governo e da oposi\u00e7\u00e3o, optou por um adiamento de 24 horas para amplia\u00e7\u00e3o da pauta.<\/p>\n<p>Ele encaminhou um \u00e1udio aos parlamentares com quem n\u00e3o conseguiu contato telef\u00f4nico, informando da mudan\u00e7a de data, ao tempo em que pediu a compreens\u00e3o de todos.<\/p>\n<p>A tend\u00eancia no Legislativo \u00e9 a aprecia\u00e7\u00e3o imediata dos pedidos da decreta\u00e7\u00e3o do \u201cestado de calamidade\u201d daqueles munic\u00edpios em que existam casos de Covid-19 confirmados.<\/p>\n","protected":false},"excerpt":{"rendered":"<p>Ascom A Assembleia Legislativa da Bahia vota nesta quarta-feira, a partir das 10h, atrav\u00e9s do Sistema de Delibera\u00e7\u00e3o Remota (SDR), novas mensagens solicitando reconhecimento do \u201cestado de calamidade p\u00fablica\u201d em decorr\u00eancia da pandemia do coronav\u00edrus. N\u00famero consider\u00e1vel de prefeituras est\u00e1 encaminhando ao Legislativo solicita\u00e7\u00f5es id\u00eanticas para integrar essa segunda reuni\u00e3o sob o regime do SDR. [&hellip;]<\/p>\n","protected":false},"author":2,"featured_media":85817,"comment_status":"open","ping_status":"open","sticky":false,"template":"","format":"standard","meta":{"footnotes":"","_links_to":"","_links_to_target":""},"categories":[1],"tags":[],"class_list":["post-85816","post","type-post","status-publish","format-standard","has-post-thumbnail","hentry","category-geral"],"views":676,"_links":{"self":[{"href":"https:\/\/www.sudoestehoje.com.br\/novoportal\/wp-json\/wp\/v2\/posts\/85816","targetHints":{"allow":["GET"]}}],"collection":[{"href":"https:\/\/www.sudoestehoje.com.br\/novoportal\/wp-json\/wp\/v2\/posts"}],"about":[{"href":"https:\/\/www.sudoestehoje.com.br\/novoportal\/wp-json\/wp\/v2\/types\/post"}],"author":[{"embeddable":true,"href":"https:\/\/www.sudoestehoje.com.br\/novoportal\/wp-json\/wp\/v2\/users\/2"}],"replies":[{"embeddable":true,"href":"https:\/\/www.sudoestehoje.com.br\/novoportal\/wp-json\/wp\/v2\/comments?post=85816"}],"version-history":[{"count":4,"href":"https:\/\/www.sudoestehoje.com.br\/novoportal\/wp-json\/wp\/v2\/posts\/85816\/revisions"}],"predecessor-version":[{"id":85821,"href":"https:\/\/www.sudoestehoje.com.br\/novoportal\/wp-json\/wp\/v2\/posts\/85816\/revisions\/85821"}],"wp:featuredmedia":[{"embeddable":true,"href":"https:\/\/www.sudoestehoje.com.br\/novoportal\/wp-json\/wp\/v2\/media\/85817"}],"wp:attachment":[{"href":"https:\/\/www.sudoestehoje.com.br\/novoportal\/wp-json\/wp\/v2\/media?parent=85816"}],"wp:term":[{"taxonomy":"category","embeddable":true,"href":"https:\/\/www.sudoestehoje.com.br\/novoportal\/wp-json\/wp\/v2\/categories?post=85816"},{"taxonomy":"post_tag","embeddable":true,"href":"https:\/\/www.sudoestehoje.com.br\/novoportal\/wp-json\/wp\/v2\/tags?post=85816"}],"curies":[{"name":"wp","href":"https:\/\/api.w.org\/{rel}","templated":true}]}}